{"id":493768,"date":"2021-01-21T00:04:31","date_gmt":"2021-01-21T06:04:31","guid":{"rendered":"https:\/\/www.diarioimagen.net\/?p=493768"},"modified":"2021-01-21T00:55:50","modified_gmt":"2021-01-21T06:55:50","slug":"biden-y-sus-problemas-inmediatos","status":"publish","type":"post","link":"https:\/\/www.diarioimagen.net\/?p=493768","title":{"rendered":"Biden y sus problemas inmediatos"},"content":{"rendered":"<h2>Punto por punto<\/h2>\n<h5>Augusto Corro<\/h5>\n<p>&nbsp;<\/p>\n<p>El nuevo presidente de Estados Unidos, Joe Biden, inicia su gobierno con una lista de problemas de urgente soluci\u00f3n: unos nacionales y otros internacionales. El primero se relaciona con la pandemia del coronavirus (Covid-19) provoca miles de muertes y tiene una cifra de contagiados que va en aumento. El sistema de salud en el vecino pa\u00eds fue insuficiente para detener la pandemia. El segundo asunto toca el conflicto migratorio que los gobiernos que le antecedieron en la administraci\u00f3n, lo \u00fanico que hicieron fue complicarlo y llevarlo a acciones discriminatorias al rechazo a los indocumentados que los llev\u00f3 a cometer delitos de lesa humanidad.<\/p>\n<p>En lo nacional, el presidente Biden tendr\u00e1 que aplicar medidas econ\u00f3micas para sortear la crisis que provoc\u00f3 la pandemia. En este rengl\u00f3n M\u00e9xico estar\u00e1 involucrado directamente, por ser el pa\u00eds mas importante en sus relaciones comerciales. Nuestro pa\u00eds de alguna manera acudir\u00e1 al nuevo acuerdo comercial en M\u00e9xico, Estados Unidos, Canad\u00e1 (T-MEC) en caso necesario de resolver alg\u00fan conflicto. Otro de los temas que siempre estar\u00e1 en las discusiones de M\u00e9xico y Estados Unidos es el de la seguridad.<\/p>\n<p>Con los problemas se\u00f1alados, el mandatario Biden tiene suficiente trabajo en el principio de su administraci\u00f3n, m\u00e1s los asuntos que surjan en los pr\u00f3ximos meses. M\u00e9xico y el gobierno estadounidense buscar\u00e1n soluciones conjuntas en el tema migratorio. El reci\u00e9n llegado a la Casa Blanca tiene planes que favorecer\u00e1n a los millones de indocumentados, que radican ya en EU y para quienes pretendan buscar mejores condiciones de vida en ese pa\u00eds. Es posible que se fortalezca el proyecto de M\u00e9xico que promueve mayor inversi\u00f3n en los pa\u00edses con elevados \u00edndices de emigrantes, como Honduras, El Salvador y Guatemala.<\/p>\n<p>En el gobierno del presidente Donald Trump, M\u00e9xico jug\u00f3 un papel muy importante en el control de la migraci\u00f3n. Las autoridades mexicanas aceptaron, no se puede entender de otra manera, las \u00f3rdenes que dicto el magnate de la construcci\u00f3n, para detener el flujo migratorio o exponerse a sufrir medidas arancelarias duras, en caso de no hacerlo. M\u00e9xico cumpli\u00f3 las \u00f3rdenes al pie de la letra. La fuerza militar y los elementos de la Guardia Nacional se encargaron de evitar el paso de migrantes por nuestro territorio.<\/p>\n<p>Ahora, ya con Biden en el poder, la situaci\u00f3n podr\u00eda cambiar un poco. Vamos a esperar que se cumplan los proyectos del nuevo mandatario estadounidense, pues no es lo mismo el discurso electoral lleno de promesas, a la realidad que se vive y que exige soluciones pr\u00e1cticas y r\u00e1pidas. Debe quedar claro que las soluciones al problema migratorio no ser\u00e1n de la noche a la ma\u00f1ana. Son muchos a\u00f1os los que la poblaci\u00f3n centroamericana es v\u00edctima de la pobreza y la violencia. Adem\u00e1s de da\u00f1os que les ocasionan los ciclones cada a\u00f1o. Se trata de poblaciones sin esperanza alguna, que dejan sus lugares de origen porque no tienen otro camino.<\/p>\n<p>Otro de los puntos que estar\u00e1 en las discusiones de M\u00e9xico y Estados Unidos es el tema de la seguridad en el que se encuentran el narcotr\u00e1fico, el contrabando de armas, la presencia de la polic\u00eda antinarc\u00f3ticos en nuestro territorio, etc., y en t\u00e9rminos generales los acuerdos de colaboraci\u00f3n en la lucha contra lo que podr\u00eda ser un enemigo com\u00fan, que ocasiona mayor da\u00f1o a los mexicanos. El gobierno de Biden deber\u00e1 tomar medidas urgentes para frenar el comercio ilegal de armas. Que favorece a los grupos criminales. Las leyes estadounidenses no son tan severas para evitar que la gente compre armas. Cualquier hijo de vecino, como se dice, puede armarse, con pistolas, rifles de alto poder y granadas explosivas sin ning\u00fan obst\u00e1culo.<\/p>\n<p>M\u00e9xico como productor de drogas o puente para llevarlas a Estados Unidos, tiene pagar un precio muy alto en vidas en ese negocio. Las bandas de la delincuencia organizada se encuentran por todos lados del territorio mexicano. Todas participan de diferente manera en el lucrativo negocio de proveer de drogas al mercado mas grande de drogadictos del mundo, que se encuentra en Estados Unidos. \u00bfY qu\u00e9 han hecho las autoridades estadounidenses para combatir la drogadicci\u00f3n? Nada. M\u00e9xico pone los muertos y EU los drogadictos. \u00bfQu\u00e9 tanto empe\u00f1o pondr\u00e1 el gobierno de Biden para acabar con el narcotr\u00e1fico? A\u00fan no lo sabemos. \u00bfUsted qu\u00e9 opina amable lector?<\/p>\n<p><a href=\"mailto:aco2742@hotmail.com\" target=\"_blank\" rel=\"noopener noreferrer\"><em>aco2742@hotmail.com<\/em><\/a><\/p>\n","protected":false},"excerpt":{"rendered":"<p><span style=\"color: #005497;\"><strong>Augusto Corro<\/strong><\/span><\/p>\n","protected":false},"author":3,"featured_media":0,"comment_status":"open","ping_status":"open","sticky":false,"template":"","format":"standard","meta":{"_monsterinsights_skip_tracking":false,"_monsterinsights_sitenote_active":false,"_monsterinsights_sitenote_note":"","_monsterinsights_sitenote_category":0,"footnotes":""},"categories":[157],"tags":[43686,43674,11515],"class_list":["post-493768","post","type-post","status-publish","format-standard","hentry","category-augusto-corro","tag-augusto-corro","tag-opinion","tag-punto-por-punto"],"_links":{"self":[{"href":"https:\/\/www.diarioimagen.net\/index.php?rest_route=\/wp\/v2\/posts\/493768","targetHints":{"allow":["GET"]}}],"collection":[{"href":"https:\/\/www.diarioimagen.net\/index.php?rest_route=\/wp\/v2\/posts"}],"about":[{"href":"https:\/\/www.diarioimagen.net\/index.php?rest_route=\/wp\/v2\/types\/post"}],"author":[{"embeddable":true,"href":"https:\/\/www.diarioimagen.net\/index.php?rest_route=\/wp\/v2\/users\/3"}],"replies":[{"embeddable":true,"href":"https:\/\/www.diarioimagen.net\/index.php?rest_route=%2Fwp%2Fv2%2Fcomments&post=493768"}],"version-history":[{"count":0,"href":"https:\/\/www.diarioimagen.net\/index.php?rest_route=\/wp\/v2\/posts\/493768\/revisions"}],"wp:attachment":[{"href":"https:\/\/www.diarioimagen.net\/index.php?rest_route=%2Fwp%2Fv2%2Fmedia&parent=493768"}],"wp:term":[{"taxonomy":"category","embeddable":true,"href":"https:\/\/www.diarioimagen.net\/index.php?rest_route=%2Fwp%2Fv2%2Fcategories&post=493768"},{"taxonomy":"post_tag","embeddable":true,"href":"https:\/\/www.diarioimagen.net\/index.php?rest_route=%2Fwp%2Fv2%2Ftags&post=493768"}],"curies":[{"name":"wp","href":"https:\/\/api.w.org\/{rel}","templated":true}]}}