{"id":494700,"date":"2021-02-01T00:01:14","date_gmt":"2021-02-01T06:01:14","guid":{"rendered":"https:\/\/www.diarioimagen.net\/?p=494700"},"modified":"2021-02-04T22:31:46","modified_gmt":"2021-02-05T04:31:46","slug":"restringen-canada-francia-y-cuba-entrada-y-salida-de-viajeros-decision-aleccionadora","status":"publish","type":"post","link":"https:\/\/www.diarioimagen.net\/?p=494700","title":{"rendered":"Restringen Canad\u00e1, Francia y Cuba entrada y salida de viajeros; decisi\u00f3n aleccionadora\u00a0"},"content":{"rendered":"<h2>De cinco estrellas<\/h2>\n<h5>Victoria Gonz\u00e1lez Prado<\/h5>\n<p><strong>\u00a0<\/strong><\/p>\n<ul>\n<li><em><strong>Centros de consumo de Grupo Brisas abrieron bajo estrictas medidas de higiene y desinfecci\u00f3n<\/strong><\/em><\/li>\n<li><strong>Travelinn<\/strong><em><strong> invierte cada vez m\u00e1s en tecnolog\u00eda de punta para brindar la mejor plataforma<\/strong><\/em><\/li>\n<\/ul>\n<p>&nbsp;<\/p>\n<div id=\"attachment_494749\" style=\"width: 310px\" class=\"wp-caption alignright\"><a href=\"https:\/\/www.diarioimagen.net\/?attachment_id=494749\" rel=\"attachment wp-att-494749\"><img loading=\"lazy\" decoding=\"async\" aria-describedby=\"caption-attachment-494749\" class=\"wp-image-494749\" src=\"https:\/\/www.diarioimagen.net\/wp-content\/uploads\/2021\/02\/turismo.jpg\" alt=\"\" width=\"300\" height=\"672\" \/><\/a><p id=\"caption-attachment-494749\" class=\"wp-caption-text\">Justin Trudeau, Jean Castex y Francisco Dur\u00e1n.<\/p><\/div>\n<p>El primer ministro de Canad\u00e1, <strong>Justin Trudeau<\/strong>, anunci\u00f3 que para frenar la propagaci\u00f3n del coronavirus en su pa\u00eds, todos los vuelos a M\u00e9xico y el Caribe ser\u00edan suspendidos desde ayer domingo y hasta el 30 de abril y exigir\u00e1 prueba negativa de Covid-19 para los viajeros que arriben. Las principales aerol\u00edneas del pa\u00eds &#8211;<em>Air Canada, WestJet, Sunwing<\/em> y <em>Air Transat<\/em>&#8211; organizar\u00e1n la vuelta de sus clientes.<\/p>\n<p>Quiz\u00e1 resulte medida exagerada para M\u00e9xico y el Caribe, pero cuando se trata de cuidar la salud de los ciudadanos de una naci\u00f3n, las medidas deben ser estrictas. Y tal vez algo tendremos que aprender. Al anunciar dicha decisi\u00f3n, ese funcionario record\u00f3 que \u201cdesde el inicio de la crisis, mi prioridad es proteger a los canadienses\u201d.<\/p>\n<p>Luego del anuncio, la Secretar\u00eda de Relaciones Exteriores de M\u00e9xico critic\u00f3 -sin raz\u00f3n- esa cuesti\u00f3n y respondi\u00f3 en un comunicado: \u201cEl gobierno de\u00a0 M\u00e9xico hace votos para que la m\u00e1s reciente medida anunciada por el primer ministro <strong>Justin Trudeau<\/strong> pueda ser retirada lo m\u00e1s pronto posible a fin de prevenir crisis econ\u00f3mica profunda en la regi\u00f3n de Am\u00e9rica del Norte\u201d.<\/p>\n<p>Seguramente, si en M\u00e9xico se hubieran cerrado fronteras a tiempo nos habr\u00edamos evitado tantos contagios. Como siempre, no aprendemos.<\/p>\n<p>El asunto cunde, pues el primer ministro de Francia, <strong>Jean Castex<\/strong> divulg\u00f3 que por la misma raz\u00f3n que Canad\u00e1, cierra sus fronteras y espacio a\u00e9reo a aviones y personas hacia o proveniente de un pa\u00eds que no sea de la Uni\u00f3n Europea. El acceso se admite si hay motivo imperioso.<\/p>\n<p>Y en lo interior, decidi\u00f3 cerrar grandes superficies comerciales -de 20 mil metros cuadrados- no alimentarias y vuelve a imponer controles estrictos en supermercados para limitar el flujo de clientes. Desde que inici\u00f3 la pandemia ha recomendado dos confinamientos y ambos han sido muy restrictivos.<\/p>\n<p>Para rematar, las autoridades de transporte Cuba anunciaron que en vista de nuevo pico de 910 casos de infectados por Covid-19, a partir del 6 de febrero reducir\u00e1n de manera temporal los vuelos de aerol\u00edneas procedentes de M\u00e9xico, Estados Unidos, Panam\u00e1, Rep\u00fablica Dominicana, Colombia y Bahamas, y nuevas medidas de confinamiento en hoteles para turistas de otras naciones.<\/p>\n<p><strong>Francisco Dur\u00e1n<\/strong>, jefe de Epidemiolog\u00eda del Ministerio de Salud, indic\u00f3 que todas las personas que lleguen al pa\u00eds ser\u00e1n sometidas a prueba PCR en el aeropuerto y luego trasladadas a centros de aislamiento donde recibir\u00e1n vigilancia m\u00e9dica. Extranjeros y cubanos que no residan en el pa\u00eds ser\u00e1n aislados en hoteles designados por las autoridades y su estancia ser\u00e1 pagada por los visitantes. En tanto, los cubanos residentes permanecer\u00e1n aislados en centro destinados a este fin de forma gratuita.<\/p>\n<p>En todos los casos, los viajeros ser\u00e1n sometidos a segunda prueba PCR al quinto d\u00eda y en caso de salir negativa podr\u00e1n dejar el aislamiento y quienes resulten positivos ser\u00e1n hospitalizados en Cuba.<\/p>\n<p>Tambi\u00e9n se volver\u00e1n a suspender vuelos procedentes de Nicaragua, Guyana, Trinidad y Tobago, Surinam, y se cancelan hacia y desde Hait\u00ed.<\/p>\n<p>Cabe destacar que -con 11.2 millones de habitantes- Cuba es uno de los pa\u00edses latinoamericanos y del Caribe menos afectados por el coronavirus.<\/p>\n<p>Quiero imaginar -y no s\u00e9 si a\u00fan es tiempo- que M\u00e9xico podr\u00eda o deber\u00eda actuar como se hace ya en casi todo el mundo: pedir pruebas PCR negativas o hacerlas en los aeropuertos, por el bien de los millones de \u201cirresponsables\u201d que viven en este pa\u00eds. Las consecuencias de no hacerlo las estamos sufriendo ahora en el sector tur\u00edstico y en salud.<\/p>\n<p>\u2730\u2730\u2730\u2730\u2730 Los centros de consumo de Grupo Brisas abrieron bajo estrictas medidas de higiene y desinfecci\u00f3n -para los comensales y colaboradores- indicadas por las autoridades de salud de la Ciudad de M\u00e9xico.<\/p>\n<p>As\u00ed, el restaurante Almara con su cocina <em>Mexi-Terr\u00e1nea<\/em> ofrece sus platillos m\u00e1s emblem\u00e1ticos en el <em>roof top<\/em> de Galer\u00eda Plaza Reforma, alrededor de la alberca de 7:00 A.M. a 6:00 P.M.<\/p>\n<p>De igual forma ofrece servicio de <em>pick-up<\/em> si lo solicitan v\u00eda <em>WhatsApp<\/em> al (55) 435660 o servicio de <em>delivery, Uber Eats, Rappi<\/em> y <em>Didi Food.<\/em><\/p>\n<p>El reci\u00e9n abierto Galer\u00eda Plaza San Jer\u00f3nimo ofrece servicio de 7:00 A.M. a 6:00 P.M., en su Terraza L\u00eddice, ubicada\u00a0 a nivel <em>lobby<\/em> y rodeada de hermosos jardines, el men\u00fa lo conforman platillos de su restaurante Plaza.<\/p>\n<p>El chef ejecutivo de Grupo Brisas, <strong>Guy Santoro<\/strong>, junto con su equipo\u00a0 ofrecen distintas delicias gastron\u00f3micas en espacios al aire libre.<\/p>\n<p>\u2730\u2730\u2730\u2730\u2730 <em>Travelinn<\/em> atiende a m\u00e1s de 3 mil 300 agencias de viajes en M\u00e9xico y cada vez invierte m\u00e1s en tecnolog\u00eda de punta para brindar la mejor plataforma y comisiones garantizadas, incluyendo programa sobre comisiones.<\/p>\n<p>Hace unos d\u00edas concluy\u00f3 su primer evento virtual 2021 con la participaci\u00f3n de m\u00e1s de mil 200 agentes de viajes, en el que fortaleci\u00f3 su marca y propuesta de valor ante los expertos en viajes.<\/p>\n<p>En esta edici\u00f3n, <em>Travelinn <\/em>dio a conocer el trabajo que realiz\u00f3 durante 2020 en beneficio de sus agentes afiliados; entre ellos: m\u00e1s de mil 500 horas de capacitaci\u00f3n ofrecidas a m\u00e1s de 10 mil agentes para el impulso de la promoci\u00f3n y venta de los diferentes productos, \u00e1rea de operaciones reforzada para atender todas sus necesidades en m\u00e1s de 22 mil 500 llamadas, excelente relaci\u00f3n con los hoteles para lograr que 95 por ciento de estos ofrezcan tarifas reembolsables y flexibles, entre otros.<\/p>\n<p><strong>Juan Socas<\/strong>, director de Alianzas Comerciales de <em>PriceTravel Holding, <\/em>dijo:<br \/>\n\u201ccontinuamos desarrollando soluciones y herramientas para posicionar a <em>Travelinn<\/em> como la plataforma favorita. Las novedades presentadas como: pol\u00edticas flexibles, familias tarifarias, transferencia autom\u00e1tica, <em>link<\/em> de pago seguro y alianza con <em>Universal Studios<\/em> para venta directa en nuestra plataforma;\u00a0\u00a0 permiten que los agentes generen m\u00e1s ventas\u201d.<\/p>\n<p>Con m\u00e1s de 250 mil opciones de hotel en todo el mundo, <em>Travelinn <\/em>ofrece\u00a0 servicio personalizado 24\/7, diversas formas de pago: meses sin intereses, dep\u00f3sitos y transferencias, sistema de apartado y \u201creserva ahora y paga despu\u00e9s\u201d; todo respaldado por el grupo tur\u00edstico<em>, PriceTravel Holding.<\/em><\/p>\n<p>&nbsp;<\/p>\n<blockquote>\n<p style=\"text-align: right;\">\u201c<strong>El<\/strong> <strong>\u00e1ngel de la fama tiene sus alas hechas de papel&#8230; peri\u00f3dico\u201d.<br \/>\n<\/strong><\/p>\n<\/blockquote>\n<p>&nbsp;<\/p>\n<p><em><span class=\"Apple-converted-space\"><a href=\"mailto:victoriagprado@gmail.com\" target=\"_blank\" rel=\"noopener noreferrer\">victoriagprado@gmail.com<\/a><br \/>\nTwitter: <a href=\"https:\/\/twitter.com\/victoriagprado\" target=\"_blank\" rel=\"noopener noreferrer\">@victoriagprado<\/a><\/span><\/em><\/p>\n","protected":false},"excerpt":{"rendered":"<p>El primer ministro de Canad\u00e1, <strong>Justin Trudeau<\/strong>, anunci\u00f3 que para frenar la propagaci\u00f3n del coronavirus en su pa\u00eds, todos los vuelos a M\u00e9xico y el Caribe ser\u00edan suspendidos desde ayer domingo y hasta el 30 de abril y exigir\u00e1 prueba negativa de Covid-19 para los viajeros que arriben. Las principales aerol\u00edneas del pa\u00eds &#8211;<em>Air Canada, WestJet, Sunwing<\/em> y <em>Air Transat<\/em>&#8211; organizar\u00e1n la vuelta de sus clientes.<\/p>\n","protected":false},"author":3,"featured_media":494750,"comment_status":"open","ping_status":"open","sticky":false,"template":"","format":"standard","meta":{"_monsterinsights_skip_tracking":false,"_monsterinsights_sitenote_active":false,"_monsterinsights_sitenote_note":"","_monsterinsights_sitenote_category":0,"footnotes":""},"categories":[11],"tags":[107,43674,43681,106],"class_list":["post-494700","post","type-post","status-publish","format-standard","has-post-thumbnail","hentry","category-turismo","tag-de-cinco-estrellas","tag-opinion","tag-turismo","tag-victoria-gonzalez-prado"],"_links":{"self":[{"href":"https:\/\/www.diarioimagen.net\/index.php?rest_route=\/wp\/v2\/posts\/494700","targetHints":{"allow":["GET"]}}],"collection":[{"href":"https:\/\/www.diarioimagen.net\/index.php?rest_route=\/wp\/v2\/posts"}],"about":[{"href":"https:\/\/www.diarioimagen.net\/index.php?rest_route=\/wp\/v2\/types\/post"}],"author":[{"embeddable":true,"href":"https:\/\/www.diarioimagen.net\/index.php?rest_route=\/wp\/v2\/users\/3"}],"replies":[{"embeddable":true,"href":"https:\/\/www.diarioimagen.net\/index.php?rest_route=%2Fwp%2Fv2%2Fcomments&post=494700"}],"version-history":[{"count":0,"href":"https:\/\/www.diarioimagen.net\/index.php?rest_route=\/wp\/v2\/posts\/494700\/revisions"}],"wp:featuredmedia":[{"embeddable":true,"href":"https:\/\/www.diarioimagen.net\/index.php?rest_route=\/wp\/v2\/media\/494750"}],"wp:attachment":[{"href":"https:\/\/www.diarioimagen.net\/index.php?rest_route=%2Fwp%2Fv2%2Fmedia&parent=494700"}],"wp:term":[{"taxonomy":"category","embeddable":true,"href":"https:\/\/www.diarioimagen.net\/index.php?rest_route=%2Fwp%2Fv2%2Fcategories&post=494700"},{"taxonomy":"post_tag","embeddable":true,"href":"https:\/\/www.diarioimagen.net\/index.php?rest_route=%2Fwp%2Fv2%2Ftags&post=494700"}],"curies":[{"name":"wp","href":"https:\/\/api.w.org\/{rel}","templated":true}]}}