{"id":494712,"date":"2021-02-01T00:06:31","date_gmt":"2021-02-01T06:06:31","guid":{"rendered":"https:\/\/www.diarioimagen.net\/?p=494712"},"modified":"2021-02-01T22:49:22","modified_gmt":"2021-02-02T04:49:22","slug":"llama-ernesto-nemer-alvarez-a-ser-responsables-y-vigilar-cumplimiento-de-nuevas-medidas-sanitarias-ante-parcial-reapertura-economica","status":"publish","type":"post","link":"https:\/\/www.diarioimagen.net\/?p=494712","title":{"rendered":"Llama Ernesto Nemer \u00c1lvarez a ser responsables y vigilar cumplimiento de nuevas medidas sanitarias ante parcial reapertura econ\u00f3mica"},"content":{"rendered":"<p><em>\u00a0<\/em><\/p>\n<ul>\n<li><strong><em> Contin\u00faa Secretar\u00eda General de Gobierno en comunicaci\u00f3n permanente con las 125 presidencias municipales de la entidad<\/em><\/strong><\/li>\n<li><strong><em> Exhorta Secretario General de Gobierno a seguir manteniendo las medidas de higiene adecuadas y necesarias para prevenir contagios de Covid-19<\/em><\/strong><\/li>\n<\/ul>\n<p><strong>\u00a0<\/strong><\/p>\n<div id=\"attachment_494756\" style=\"width: 470px\" class=\"wp-caption aligncenter\"><a href=\"https:\/\/www.diarioimagen.net\/?attachment_id=494756\" rel=\"attachment wp-att-494756\"><img loading=\"lazy\" decoding=\"async\" aria-describedby=\"caption-attachment-494756\" class=\"size-full wp-image-494756\" src=\"https:\/\/www.diarioimagen.net\/wp-content\/uploads\/2021\/02\/edomex.jpg\" alt=\"\" width=\"460\" height=\"270\" \/><\/a><p id=\"caption-attachment-494756\" class=\"wp-caption-text\">El secretario General de Gobierno, Ernesto Nemer, reiter\u00f3 el llamado del gobernador Alfredo Del Mazo Maza, a mantener las medidas sanitarias para cuidar la vida y la salud de los mexiquenses.<\/p><\/div>\n<p>&nbsp;<\/p>\n<p><strong>Toluca, Estado de M\u00e9xico.\u2013 <\/strong>En un ejercicio de comunicaci\u00f3n permanente y directa con las y los 125 presidentes municipales del Estado de M\u00e9xico, el secretario General de Gobierno, Ernesto Nemer \u00c1lvarez, reiter\u00f3 el llamado del gobernador Alfredo Del Mazo Maza, a mantener las medidas sanitarias para cuidar la vida y la salud de los mexiquenses.<\/p>\n<p>Tras el anuncio del Ejecutivo estatal de la reapertura parcial de actividades a partir de 1 de febrero para apoyar la econom\u00eda de las familias con responsabilidad, Nemer \u00c1lvarez reiter\u00f3 el llamado a las y los alcaldes de la entidad a vigilar el cumplimiento de las mismas, observando que se mantenga un aforo del 30 y 40 por ciento en la operaci\u00f3n de los restaurantes de lunes a viernes en interiores y exteriores, respectivamente, cerrando a las 20:00 horas.<\/p>\n<p>Asimismo, despu\u00e9s del cierre y durante los fines de semana, estos establecimientos podr\u00e1n ofrecer alimentos \u00fanicamente para llevar.<\/p>\n<p>De igual forma, las autoridades deber\u00e1n garantizar, bajo las medidas que consideren pertinentes, que centros comerciales y tiendas departamentales funcionen \u00fanicamente de lunes a viernes, hasta las 21:00 horas, con un aforo m\u00e1ximo del 20 por ciento.<\/p>\n<p>Cabe se\u00f1alar que tambi\u00e9n podr\u00e1n retomarse las actividades deportivas y recreativas al aire libre.<\/p>\n<p>El secretario General de Gobierno llam\u00f3 a seguir siendo responsables, ante el Sem\u00e1foro Epidemiol\u00f3gico en Rojo, que permanecer\u00e1 dos semanas m\u00e1s y exhort\u00f3 a continuar adoptando las medidas de sana distancia, lavado constante de manos, uso de cubrebocas y de gel antibacterial, as\u00ed como evitar reuniones familiares y sociales.<\/p>\n","protected":false},"excerpt":{"rendered":"<p>En un ejercicio de comunicaci\u00f3n permanente y directa con las y los 125 presidentes municipales del Estado de M\u00e9xico, el secretario General de Gobierno, Ernesto Nemer \u00c1lvarez, reiter\u00f3 el llamado del gobernador Alfredo Del Mazo Maza, a mantener las medidas sanitarias para cuidar la vida y la salud de los mexiquenses.<\/p>\n","protected":false},"author":3,"featured_media":494756,"comment_status":"open","ping_status":"open","sticky":false,"template":"","format":"standard","meta":{"_monsterinsights_skip_tracking":false,"_monsterinsights_sitenote_active":false,"_monsterinsights_sitenote_note":"","_monsterinsights_sitenote_category":0,"footnotes":""},"categories":[5],"tags":[90021,1495,43675,65852,452],"class_list":["post-494712","post","type-post","status-publish","format-standard","has-post-thumbnail","hentry","category-estado-de-mexico","tag-covid-19","tag-ernesto-nemer-alvarez","tag-estado-de-mexico","tag-responsables","tag-toluca"],"_links":{"self":[{"href":"https:\/\/www.diarioimagen.net\/index.php?rest_route=\/wp\/v2\/posts\/494712","targetHints":{"allow":["GET"]}}],"collection":[{"href":"https:\/\/www.diarioimagen.net\/index.php?rest_route=\/wp\/v2\/posts"}],"about":[{"href":"https:\/\/www.diarioimagen.net\/index.php?rest_route=\/wp\/v2\/types\/post"}],"author":[{"embeddable":true,"href":"https:\/\/www.diarioimagen.net\/index.php?rest_route=\/wp\/v2\/users\/3"}],"replies":[{"embeddable":true,"href":"https:\/\/www.diarioimagen.net\/index.php?rest_route=%2Fwp%2Fv2%2Fcomments&post=494712"}],"version-history":[{"count":0,"href":"https:\/\/www.diarioimagen.net\/index.php?rest_route=\/wp\/v2\/posts\/494712\/revisions"}],"wp:featuredmedia":[{"embeddable":true,"href":"https:\/\/www.diarioimagen.net\/index.php?rest_route=\/wp\/v2\/media\/494756"}],"wp:attachment":[{"href":"https:\/\/www.diarioimagen.net\/index.php?rest_route=%2Fwp%2Fv2%2Fmedia&parent=494712"}],"wp:term":[{"taxonomy":"category","embeddable":true,"href":"https:\/\/www.diarioimagen.net\/index.php?rest_route=%2Fwp%2Fv2%2Fcategories&post=494712"},{"taxonomy":"post_tag","embeddable":true,"href":"https:\/\/www.diarioimagen.net\/index.php?rest_route=%2Fwp%2Fv2%2Ftags&post=494712"}],"curies":[{"name":"wp","href":"https:\/\/api.w.org\/{rel}","templated":true}]}}