{"id":494717,"date":"2021-02-01T00:03:47","date_gmt":"2021-02-01T06:03:47","guid":{"rendered":"https:\/\/www.diarioimagen.net\/?p=494717"},"modified":"2021-02-01T22:48:29","modified_gmt":"2021-02-02T04:48:29","slug":"atienden-en-naucalpan-mas-de-23-mil-llamadas-sobre-contencion-emocional","status":"publish","type":"post","link":"https:\/\/www.diarioimagen.net\/?p=494717","title":{"rendered":"Atienden en Naucalpan m\u00e1s de 23 mil llamadas sobre contenci\u00f3n emocional"},"content":{"rendered":"<p>&nbsp;<\/p>\n<ul>\n<li><strong><em>Debido a la pandemia de coronavirus<\/em><\/strong><\/li>\n<\/ul>\n<p>&nbsp;<\/p>\n<div id=\"attachment_494772\" style=\"width: 470px\" class=\"wp-caption aligncenter\"><a href=\"https:\/\/www.diarioimagen.net\/?attachment_id=494772\" rel=\"attachment wp-att-494772\"><img loading=\"lazy\" decoding=\"async\" aria-describedby=\"caption-attachment-494772\" class=\"size-full wp-image-494772\" src=\"https:\/\/www.diarioimagen.net\/wp-content\/uploads\/2021\/02\/naucalpan.jpg\" alt=\"\" width=\"460\" height=\"270\" \/><\/a><p id=\"caption-attachment-494772\" class=\"wp-caption-text\">El Centro Telef\u00f3nico de Atenci\u00f3n M\u00e9dica y Psicol\u00f3gica, que opera desde el C4, ha dado asesoramiento y asistencia a 544 personas que presentaron cuadros de estr\u00e9s o ansiedad<\/p><\/div>\n<p>&nbsp;<\/p>\n<p><strong>Naucalpan, Estado de M\u00e9xico.<\/strong>&#8211; Desde su instalaci\u00f3n en abril del 2020, el Centro Telef\u00f3nico de Atenci\u00f3n M\u00e9dica y Psicol\u00f3gica, que opera desde el C4, ha dado asesoramiento y asistencia a 544 personas que presentaron cuadros de estr\u00e9s o ansiedad debido al distanciamiento social por la pandemia de coronavirus.<\/p>\n<p>De acuerdo con datos del Sistema DIF Municipal y la Subdirecci\u00f3n de Prevenci\u00f3n y Atenci\u00f3n Psicoemocional, entre los servicios ofrecidos en el C4 y en los 12 Centros de Atenci\u00f3n Psicol\u00f3gica (CAP), en el 2020 se contabilizaron 23 mil 555 atenciones.<\/p>\n<p>Jos\u00e9 Rodrigo Islas G\u00f3mez, subdirector de Prevenci\u00f3n y Atenci\u00f3n Psicoemocional del DIF Naucalpan, destac\u00f3 que en los registros se tiene identificada la ansiedad como una de las principales causas de las afectaciones mentales.<\/p>\n<p>\u201cLos motivos de consulta que mayormente atendemos son los trastornos adaptativos asociados a estresores como ansiedad, depresi\u00f3n por muchas causas, ya sea por la incertidumbre, por la misma din\u00e1mica de la cotidianidad, la condici\u00f3n econ\u00f3mica, todo lo que conlleva la situaci\u00f3n actual, no necesariamente derivado de la Covid-19\u201d, expuso Islas G\u00f3mez.<\/p>\n<p>Adem\u00e1s de la ansiedad o depresi\u00f3n, la plantilla de psic\u00f3logos detect\u00f3 problemas de relaciones, conyugales o con vecinos, es decir, la interacci\u00f3n social. Asimismo, se observaron trastornos adaptativos que est\u00e1n asociados a situaciones derivadas del COVID-19, como la falta de salud. Les siguen problemas laborales y trastornos adictivos, como el uso de alcohol y drogas.<\/p>\n<p>\u201cRecomendamos a la ciudadan\u00eda pedir ayuda, que lo externen, hay personas profesionales que tienen todas las competencias para apoyar en este proceso tan complejo de una p\u00e9rdida de cualquier \u00edndole.<\/p>\n<p>\u201cLes pedimos que se acerquen a los CAP, v\u00eda C4, inclusive en el \u00e1rea de Tanatolog\u00eda contamos con las personas capacitadas para poder acompa\u00f1arlos en este proceso tan complejo como es una p\u00e9rdida\u201d, dijo el funcionario.<\/p>\n<p>Tambi\u00e9n, apunt\u00f3 que todos los servicios se llevan a cabo v\u00eda telef\u00f3nica, pero en caso de ser necesario se asiste de manera presencial al lugar que se requiera, con el apoyo de m\u00e9dicos del Instituto Municipal de Atenci\u00f3n a la Salud (IMAS) y oficiales de la Direcci\u00f3n General de Seguridad Ciudadana, como fue el caso de tres intentos de suicidio que se contuvieron a tiempo.<\/p>\n<p>Destac\u00f3 que de las 544 atenciones recibidas en el Centro de Comando, Control, Comunicaciones y C\u00f3mputo, 405 fueron llamadas realizadas por mujeres y 139 por hombres. Los rangos de edad oscilaron entre los 18 y los 50 a\u00f1os, preponderantemente, y en cada caso, en promedio se atiende de 20 a 30 minutos a cada persona para despu\u00e9s canalizarla.<\/p>\n<p>Islas G\u00f3mez apunt\u00f3 que los servicios integrales de contenci\u00f3n y atenci\u00f3n emocional son parte de la Seguridad de la Salud que impulsa la Presidenta Municipal, Patricia Dur\u00e1n, misma que comparten las autoridades del Sistema DIF Municipal.<\/p>\n<p>Record\u00f3 a la ciudadan\u00eda que caer en un bache emocional no es negativo ni tampoco debe ser estigmatizado, pues cualquier persona puede requerir apoyo emocional o inclusive psiqui\u00e1trico, al disminuir la bioqu\u00edmica cerebral que puede somatizarse o convertirse en alteraciones corporales.<\/p>\n<p>Si requieres ayuda inmediata, comun\u00edcate al Centro Telef\u00f3nico de Atenci\u00f3n M\u00e9dica y Psicol\u00f3gica, al tel\u00e9fono 55 5371 2250, el cual opera las 24 horas del d\u00eda, los siete d\u00edas de la semana de forma gratuita. Para contactarte con alguno de los 12 Centros de Atenci\u00f3n Psicol\u00f3gica, llama a los tel\u00e9fonos 55 5363 3361 ext. 9006 y al 55 6629 0642, de lunes a viernes, de 09:00 a 17:00 horas.<\/p>\n","protected":false},"excerpt":{"rendered":"<p>Desde su instalaci\u00f3n en abril del 2020, el Centro Telef\u00f3nico de Atenci\u00f3n M\u00e9dica y Psicol\u00f3gica, que opera desde el C4, ha dado asesoramiento y asistencia a 544 personas que presentaron cuadros de estr\u00e9s o ansiedad debido al distanciamiento social por la pandemia de coronavirus.<\/p>\n","protected":false},"author":3,"featured_media":494772,"comment_status":"open","ping_status":"open","sticky":false,"template":"","format":"standard","meta":{"_monsterinsights_skip_tracking":false,"_monsterinsights_sitenote_active":false,"_monsterinsights_sitenote_note":"","_monsterinsights_sitenote_category":0,"footnotes":""},"categories":[5],"tags":[92280,43675,53155,970],"class_list":["post-494717","post","type-post","status-publish","format-standard","has-post-thumbnail","hentry","category-estado-de-mexico","tag-contencion","tag-estado-de-mexico","tag-llamadas","tag-naucalpan"],"_links":{"self":[{"href":"https:\/\/www.diarioimagen.net\/index.php?rest_route=\/wp\/v2\/posts\/494717","targetHints":{"allow":["GET"]}}],"collection":[{"href":"https:\/\/www.diarioimagen.net\/index.php?rest_route=\/wp\/v2\/posts"}],"about":[{"href":"https:\/\/www.diarioimagen.net\/index.php?rest_route=\/wp\/v2\/types\/post"}],"author":[{"embeddable":true,"href":"https:\/\/www.diarioimagen.net\/index.php?rest_route=\/wp\/v2\/users\/3"}],"replies":[{"embeddable":true,"href":"https:\/\/www.diarioimagen.net\/index.php?rest_route=%2Fwp%2Fv2%2Fcomments&post=494717"}],"version-history":[{"count":0,"href":"https:\/\/www.diarioimagen.net\/index.php?rest_route=\/wp\/v2\/posts\/494717\/revisions"}],"wp:featuredmedia":[{"embeddable":true,"href":"https:\/\/www.diarioimagen.net\/index.php?rest_route=\/wp\/v2\/media\/494772"}],"wp:attachment":[{"href":"https:\/\/www.diarioimagen.net\/index.php?rest_route=%2Fwp%2Fv2%2Fmedia&parent=494717"}],"wp:term":[{"taxonomy":"category","embeddable":true,"href":"https:\/\/www.diarioimagen.net\/index.php?rest_route=%2Fwp%2Fv2%2Fcategories&post=494717"},{"taxonomy":"post_tag","embeddable":true,"href":"https:\/\/www.diarioimagen.net\/index.php?rest_route=%2Fwp%2Fv2%2Ftags&post=494717"}],"curies":[{"name":"wp","href":"https:\/\/api.w.org\/{rel}","templated":true}]}}