{"id":494829,"date":"2021-02-01T00:02:13","date_gmt":"2021-02-01T06:02:13","guid":{"rendered":"https:\/\/www.diarioimagen.net\/?p=494829"},"modified":"2021-02-01T01:39:36","modified_gmt":"2021-02-01T07:39:36","slug":"delgado-defiende-lo-indefendible-con-felix-salgado","status":"publish","type":"post","link":"https:\/\/www.diarioimagen.net\/?p=494829","title":{"rendered":"Delgado defiende lo indefendible, con F\u00e9lix Salgado"},"content":{"rendered":"<h2>La Retaguardia<\/h2>\n<h5>Adriana Moreno Cordero<\/h5>\n<p>&nbsp;<\/p>\n<ul>\n<li><strong><em>Contin\u00faan las divisiones en el partido en el poder, Morena<\/em><\/strong><\/li>\n<\/ul>\n<p>&nbsp;<\/p>\n<p>El colmo en Morena. Las divisiones contin\u00faan, cada vez m\u00e1s profundas y pese a que por las \u201cex benditas redes\u201d, el flamante dirigente de ese instituto pol\u00edtico, <strong>Mario Mart\u00edn Delgado<\/strong>, se empe\u00f1a en enviar el mensaje de que con calzador o como sea, sacar\u00e1 adelante a su candidato al gobierno de Guerrero, se han manifestado sectores del partido oficial que est\u00e1n en contra de la candidatura de <strong>F\u00e9lix Salgado Macedonio<\/strong> por las diversas acusaciones que pesan en su contra por abuso sexual.<\/p>\n<p>No obstante, mientras el tambi\u00e9n conocido como \u201cdiputado costales\u201d, tenga quien lo defienda, no habr\u00e1 problema. \u00bfSer\u00e1? Y ah\u00ed est\u00e1 que el propio Delgado Carrillo, sali\u00f3 a justificar al cuestionable legislador. \u201cMientras F\u00e9lix Salgado mantenga sus derechos pol\u00edticos, \u00e9l\u00a0esnuestro candidato, no hay ninguna sentencia por parte de ninguna autoridad que acredite que haya cometido alg\u00fan delito\u2026 Denuncias puede haber, pero t\u00fa no te puedes convertir en un juzgador, le tienes que dejar a la autoridad correspondiente que decida en la materia\u201d.<\/p>\n<p>El senador con licencia es taaan c\u00ednico, que no repar\u00f3 en exhibirse ayer, durante el Consejo Pol\u00edtico de Morena, acaso sabedor de que ya tiene en la bolsa su tan anhelada candidatura. Hay que recordar que hace algunas semanas, cuando a este personaje se le pregunt\u00f3 por qu\u00e9 ten\u00eda tantos se\u00f1alamientos, simple y llanamente, respondi\u00f3 que esa era su naturaleza, casi, casi, la pachanga y el relajo. \u00bfSe habr\u00e1 referido tambi\u00e9n Salgado Macedonio a que a lo largo de su vida ha sido un acosador y abusador y entonces no hay remedio?<\/p>\n<p>No hay que soslayar tampoco que el controvertido senador estuvo a punto de no conseguir dicha candidatura, ya que se top\u00f3 con una \u201cpiedra\u201d en el camino con nombre y apellido; se trat\u00f3 del hermano de la no menos flamante secretaria de la Funci\u00f3n P\u00fablica, <strong>Irma Er\u00e9ndira Sandoval<\/strong>, <strong>Pablo Am\u00edlcar<\/strong>, quien con toda anticipaci\u00f3n y sin que la ley se lo permitiera, se dio a la tarea de hacer proselitismo, aprovechando su posici\u00f3n como superdelegado en la entidad guerrerense, sin que nadie se lo impidiera.<\/p>\n<p>Supuso Am\u00edlcar que eso, el proselitismo anticipado y ser hermano de la titular de la SFP, le ser\u00eda suficiente para alcanzar el objetivo. Sin embargo, se top\u00f3 con un gran obst\u00e1culo: el enojo de Salgado Macedonio, quien al enterarse, amenaz\u00f3 con salirse de Morena e incluso, entr\u00f3 en conversaciones con otros institutos pol\u00edticos, pero lo cierto es quien ni quien quiera a un hombre como \u00e9ste.<\/p>\n<p>Bueno, en el partido oficial, Mario Delgado necesit\u00f3 ayuda para defender a lo indefendible y luego, luego, sali\u00f3 \u201cal quite\u201d otro senador, <strong>Salom\u00f3n Jara<\/strong>, quien \u201ccant\u00f3\u201d a voz en cuello que su compa\u00f1ero de esca\u00f1o era sin objeci\u00f3n alguna, el candidato al gobierno guerrerense.<\/p>\n<p style=\"text-align: center;\"><strong>Municiones<\/strong><\/p>\n<p>*** La \u00fanica v\u00eda correcta y democr\u00e1tica para garantizar la libertad de expresi\u00f3n en el ciberespacio es la legislativa, afirm\u00f3 el senador <strong>Ricardo Monreal \u00c1vila<\/strong>.\u00a0El coordinador parlamentario de Morena asent\u00f3 que este derecho humano tiene que ser tutelado para su ejercicio eficaz, mediante principios establecidos en las leyes.\u00a0En un mensaje difundido en redes sociales, Monreal \u00c1vila subray\u00f3 que los derechos humanos son un l\u00edmite a los poderes establecidos para evitar abusos, pero tambi\u00e9n deben serlo respecto de la actuaci\u00f3n de los particulares. Los l\u00edmites de actuaci\u00f3n de las empresas privadas, due\u00f1as de las redes sociales, dijo, se tienen que establecer en la deliberaci\u00f3n y aprobaci\u00f3n soberana. \u201cEs un debate ineludible, es un debate inevitable\u201d.<\/p>\n<p>*** Como quiera que sea, hizo bien el presidente L\u00f3pez Obrador en aparecer en un video porque se hab\u00eda desatado cualquier cantidad de especulaciones sobre su estado de salud, sin embargo, se vieron muchos detalles que dejaban a la imaginaci\u00f3n suponer cualquier otra cosa y eso que el tabasque\u00f1o anunci\u00f3 que se hab\u00eda acicalado para dicho mensaje. Lo que no debe extra\u00f1ar para nada, es que el flamante secretario de Salud, <strong>Jorge Alcocer<\/strong>, no haya salido a informar sobre la salud del presidente. Podr\u00eda decirse que es una situaci\u00f3n completamente normal, ya que el titular de la SS, es mudo, ya que cuando habla, la riega, de todas, todas. \u00bfAcaso ya se olvid\u00f3 cuando a inicios de esta incontrolable pandemia felicit\u00f3 a aquellos que no usaban cubrebocas? Adem\u00e1s, eso de que el doctor Alcocer encabeza el equipo de especialistas que atiende al mandatario, pues, qui\u00e9n sabe.<\/p>\n<p>*** Por lo que hace al p\u00e9simo manejo de esta pandemia por parte de la llamada Cuarta Transformaci\u00f3n, hay que reparar en que el rector de la UNAM, <strong>Enrique Graue<\/strong> -\u00e9ste s\u00ed, un destacad\u00edsimo m\u00e9dico-, desde abril del a\u00f1o pasado, advirti\u00f3 a la actual administraci\u00f3n de los graves alcances de esta pandemia de la Covid-19, si no se actuaba a tiempo y en base a una estrategia s\u00f3lida. Ah\u00ed est\u00e1n las consecuencias de la ligereza con la que han venido actuando, tanto el Presidente, como sus funcionarios \u201cestrella\u201d.<\/p>\n<p>*** Sin tantos problemas como los que tiene en Guerrero, como se ha descrito l\u00edneas arriba, Mario Delgado ungi\u00f3 \u201ccon bombo y platillo\u201d a <strong>Marina del Pilar \u00c1vila Olmeda<\/strong> como candidata morenista al gobierno de Baja California. \u201cMuy contentos de que con Marina vamos, nuevamente, a tener la confianza en el pueblo de Baja California, como fue en\u00a0 2018 y en 2019, vamos a refrendar esa confianza y vamos a volver a ganar carro completo\u201d. \u00bfNo se est\u00e1 viendo demasiado optimista el l\u00edder nacional del partido del Presidente?, \u00bfel actual gobernador, <strong>Jaime Bonilla<\/strong> ha hecho un papel tan bueno como para que Morena ratifique su triunfo? El clima que ha propiciado el mandatario estatal en BC, es de horror, lanz\u00e1ndose contra quien se le pone enfrente y ah\u00ed est\u00e1 como muestra la expropiaci\u00f3n sin m\u00e1s del Club Campestre de Tijuana, bajo el argumento de que \u201cse lo robaron\u201d. Pero que no se le olvide a Bonilla Valdez que estar\u00eda obligado a pagar la nada despreciable cantidad de 46 millones de d\u00f3lares a los miembros de dicho Club. Se sabe tambi\u00e9n, que Bonilla Valdez ha desatado una cacer\u00eda de brujas, presuntamente pagando a diversos medios, para irse sobre quien dice, son sus enemigos. Para muestra, est\u00e1 el caso del due\u00f1o de Grupo Caliente, <strong>Jorge Hank Rhon<\/strong>, que es ya candidato del PES al gobierno de Baja California. Cuanta frustraci\u00f3n y temor, el del se\u00f1or Bonilla.<\/p>\n<p><u><a href=\"mailto:morcora@gmail.com\" target=\"_blank\" rel=\"noopener noreferrer\"><em>morcora@gmail.com<\/em><\/a><\/u><\/p>\n","protected":false},"excerpt":{"rendered":"<p><span style=\"color: #005497;\"><strong>Adriana Moreno Cordero<\/strong><\/span><\/p>\n","protected":false},"author":3,"featured_media":0,"comment_status":"open","ping_status":"open","sticky":false,"template":"","format":"standard","meta":{"_monsterinsights_skip_tracking":false,"_monsterinsights_sitenote_active":false,"_monsterinsights_sitenote_note":"","_monsterinsights_sitenote_category":0,"footnotes":""},"categories":[69370],"tags":[69369,69368,43674],"class_list":["post-494829","post","type-post","status-publish","format-standard","hentry","category-adriana-moreno-cordero","tag-adriana-moreno-cordero","tag-la-retaguardia","tag-opinion"],"_links":{"self":[{"href":"https:\/\/www.diarioimagen.net\/index.php?rest_route=\/wp\/v2\/posts\/494829","targetHints":{"allow":["GET"]}}],"collection":[{"href":"https:\/\/www.diarioimagen.net\/index.php?rest_route=\/wp\/v2\/posts"}],"about":[{"href":"https:\/\/www.diarioimagen.net\/index.php?rest_route=\/wp\/v2\/types\/post"}],"author":[{"embeddable":true,"href":"https:\/\/www.diarioimagen.net\/index.php?rest_route=\/wp\/v2\/users\/3"}],"replies":[{"embeddable":true,"href":"https:\/\/www.diarioimagen.net\/index.php?rest_route=%2Fwp%2Fv2%2Fcomments&post=494829"}],"version-history":[{"count":0,"href":"https:\/\/www.diarioimagen.net\/index.php?rest_route=\/wp\/v2\/posts\/494829\/revisions"}],"wp:attachment":[{"href":"https:\/\/www.diarioimagen.net\/index.php?rest_route=%2Fwp%2Fv2%2Fmedia&parent=494829"}],"wp:term":[{"taxonomy":"category","embeddable":true,"href":"https:\/\/www.diarioimagen.net\/index.php?rest_route=%2Fwp%2Fv2%2Fcategories&post=494829"},{"taxonomy":"post_tag","embeddable":true,"href":"https:\/\/www.diarioimagen.net\/index.php?rest_route=%2Fwp%2Fv2%2Ftags&post=494829"}],"curies":[{"name":"wp","href":"https:\/\/api.w.org\/{rel}","templated":true}]}}