{"id":494835,"date":"2021-02-01T00:04:48","date_gmt":"2021-02-01T06:04:48","guid":{"rendered":"https:\/\/www.diarioimagen.net\/?p=494835"},"modified":"2021-02-01T01:43:21","modified_gmt":"2021-02-01T07:43:21","slug":"el-vaso-medio-lleno","status":"publish","type":"post","link":"https:\/\/www.diarioimagen.net\/?p=494835","title":{"rendered":"El vaso medio lleno"},"content":{"rendered":"<h2>Perfil de M\u00e9xico<\/h2>\n<h5>Armando R\u00edos Ruiz<\/h5>\n<p>&nbsp;<\/p>\n<p>La aparici\u00f3n del Presidente el viernes pasado en un video, produjo el mismo efecto del vaso medio lleno o medio vac\u00edo. Algunos opinaron que no debi\u00f3 grabarse en las condiciones deplorables en que se present\u00f3, con un caminar lento, trabajoso y agarr\u00e1ndose de cualquier asidero para continuar su paso.<\/p>\n<p>Otros manifestaron que ah\u00ed estaba con la fuerza habitual del hombre incansable y otros m\u00e1s opinaron que su enfermedad es toda una mentira. Notaron que evidentemente, no fue alcanzado por el virus chino y que ide\u00f3 el malestar para\u00a0 darse quiz\u00e1 una peque\u00f1a tregua.<\/p>\n<p>Hubo quien opin\u00f3 que el contagio fue premeditado, s\u00f3lo para tomarle el pulso a quienes lo adoran y a quienes\u00a0 no quieren saber nada de \u00e9l. Para\u00a0 medir el sentir de los mexicanos con vistas a las elecciones de junio pr\u00f3ximo. Tambi\u00e9n para observar si los posibles sustitutos iniciaban pleitos de acomodo para sucederlo, en caso de un desenlace lamentable.<\/p>\n<p>Lo que es cierto, es que su vocero Jes\u00fas Ram\u00edrez provoc\u00f3 una andanada de cr\u00edticas, al pedir a la prensa que dejara de especular sobre la salud del mandatario.\u00a0 La respuesta, la \u00fanica que pod\u00eda darse ante semejante desatino apareci\u00f3 de inmediato. Si no quer\u00eda especulaciones, entonces que alguien informara con veracidad sobre su salud.<\/p>\n<p>Nadie acept\u00f3 los comentarios de que estaba muy bien. Que trabajaba desde su aislamiento y cosas por el estilo. Alguien de veras autorizado. Quiz\u00e1 un m\u00e9dico, debi\u00f3 aparecer con un diagnostico serio, sensato y convincente. No su pregonero de cabecera L\u00f3pez-Gatell, a quien seguramente ya no le creen en su casa y quien deber\u00eda estar citado ya por las autoridades judiciales, para que d\u00e9 cuenta de las muertes que ha provocado con sus cotidianas mentiras, que lo hacen ver como un genocida.<\/p>\n<p>Entre otras cosas, en su aparici\u00f3n agradeci\u00f3 las expresiones de buena voluntad de muchos mexicanos, chairos y fif\u00eds, que manifestaron sus humanos deseos para su pronta recuperaci\u00f3n. Aunque no se le escuch\u00f3 un agradecimiento a \u201cla prensa vendida con sus adversarios, protectora de los conservadores y neoliberales y ardida porque perdi\u00f3 sus privilegios\u201d, que tambi\u00e9n hizo p\u00fablicos sus comentarios de buena voluntad. Sus deseos de pronta recuperaci\u00f3n.<\/p>\n<p>Durante su encierro de alivio, las cosas han continuado inalterables. Nadie se ocupa de perseguir el delito. Al fin que no se trata de algo importante o prioritario. Las muertes a causa del virus se fueron hasta el cielo, sin que nadie se encargue de enga\u00f1ar con el cuento de que ya vienen millones y millones de vacunas contratadas con Rusia, con China, con Inglaterra y con otros pa\u00edses. Nadie asegura que gracias a un esfuerzo, todo est\u00e1 ya bajo control<\/p>\n<p>La econom\u00eda por los suelos y el pa\u00eds con la amenaza anunciada por diferentes agrupaciones internacionales, de un a\u00f1o negro en muchos rubros. S\u00f3lo con la ausencia de un Presidente cuya presencia en las conferencias ma\u00f1aneras no fue extra\u00f1ada. Por el contrario, muchos opinaron que su desaparici\u00f3n por enfermedad era un alivio enorme.<\/p>\n<p>En eso del vaso medio lleno o medio vac\u00edo, tambi\u00e9n fueron incluidos sus preguntadores oficiales en las ma\u00f1aneras, que deben haber corrido diariamente a alguna iglesia, despu\u00e9s de la participaci\u00f3n de do\u00f1a Olga S\u00e1nchez Cordero, a pedir a Dios que ayudara con toda su fuerza al pol\u00edtico enfermo, para que no se les acabara el contrato no escrito de participaci\u00f3n, con preguntas a modo.<\/p>\n<p>Hubo opiniones que se refer\u00edan a que, \u00bfahora que se ausent\u00f3 de las cotidianas peroratas, por qu\u00e9 no seguir de filo en esa actitud? Es imposible. El p\u00falpito le permite estar presente en la conciencia de sus partidarios, de sus simpatizantes. Hablar diariamente de sus enemigos o adversarios, como les llama. Estar vigente todos los d\u00edas y en la mente de los que le dar\u00e1n su voto a cambio de las d\u00e1divas bimestrales.<\/p>\n<p><a href=\"mailto:ariosruiz@gmail.com\" target=\"_blank\" rel=\"noopener noreferrer\"><em>ariosruiz@gmail.com<\/em><\/a><\/p>\n","protected":false},"excerpt":{"rendered":"<p><span style=\"color: #005497;\"><strong>Armando R\u00edos Ruiz<\/strong><\/span><\/p>\n","protected":false},"author":3,"featured_media":0,"comment_status":"open","ping_status":"open","sticky":false,"template":"","format":"standard","meta":{"_monsterinsights_skip_tracking":false,"_monsterinsights_sitenote_active":false,"_monsterinsights_sitenote_note":"","_monsterinsights_sitenote_category":0,"footnotes":""},"categories":[88405],"tags":[88407,43674,91193],"class_list":["post-494835","post","type-post","status-publish","format-standard","hentry","category-armando-rios-ruiz","tag-armando-rios-ruiz","tag-opinion","tag-perfil-de-mexico"],"_links":{"self":[{"href":"https:\/\/www.diarioimagen.net\/index.php?rest_route=\/wp\/v2\/posts\/494835","targetHints":{"allow":["GET"]}}],"collection":[{"href":"https:\/\/www.diarioimagen.net\/index.php?rest_route=\/wp\/v2\/posts"}],"about":[{"href":"https:\/\/www.diarioimagen.net\/index.php?rest_route=\/wp\/v2\/types\/post"}],"author":[{"embeddable":true,"href":"https:\/\/www.diarioimagen.net\/index.php?rest_route=\/wp\/v2\/users\/3"}],"replies":[{"embeddable":true,"href":"https:\/\/www.diarioimagen.net\/index.php?rest_route=%2Fwp%2Fv2%2Fcomments&post=494835"}],"version-history":[{"count":0,"href":"https:\/\/www.diarioimagen.net\/index.php?rest_route=\/wp\/v2\/posts\/494835\/revisions"}],"wp:attachment":[{"href":"https:\/\/www.diarioimagen.net\/index.php?rest_route=%2Fwp%2Fv2%2Fmedia&parent=494835"}],"wp:term":[{"taxonomy":"category","embeddable":true,"href":"https:\/\/www.diarioimagen.net\/index.php?rest_route=%2Fwp%2Fv2%2Fcategories&post=494835"},{"taxonomy":"post_tag","embeddable":true,"href":"https:\/\/www.diarioimagen.net\/index.php?rest_route=%2Fwp%2Fv2%2Ftags&post=494835"}],"curies":[{"name":"wp","href":"https:\/\/api.w.org\/{rel}","templated":true}]}}