{"id":494843,"date":"2021-02-01T00:04:29","date_gmt":"2021-02-01T06:04:29","guid":{"rendered":"https:\/\/www.diarioimagen.net\/?p=494843"},"modified":"2021-02-01T01:47:01","modified_gmt":"2021-02-01T07:47:01","slug":"coronavirus-incontenible","status":"publish","type":"post","link":"https:\/\/www.diarioimagen.net\/?p=494843","title":{"rendered":"Coronavirus, incontenible"},"content":{"rendered":"<h2>Punto por punto<\/h2>\n<h5>Augusto Corro<\/h5>\n<p>&nbsp;<\/p>\n<p>Sin duda el mundo se encuentra aterrorizado ante la invasi\u00f3n del coronavirus y la impotencia para vencerlo. En M\u00e9xico la estrategia contra la Covid-19 no funcion\u00f3 y ayer fue el tercer pa\u00eds con m\u00e1s decesos a nivel global. Con 155 mil 145 muertes super\u00f3 a la India, que acumula 153 mil 847, de acuerdo con la Universidad Johns Hopkins.<\/p>\n<p>Cabe se\u00f1alar que cinco pa\u00edses superan la barrera de los 100 mil decesos: Estados Unidos, Brasil, India, M\u00e9xico y Reino Unido. Aunque ya se aplican vacunas contra el Covid-19 la pandemia contin\u00faa incontrolable.<\/p>\n<p>Los n\u00fameros de personas fallecidas son suficientes para saber que en nuestro pa\u00eds no se enfrent\u00f3 a la pandemia como se esperaba. Por ejemplo, el uso del cubrebocas nunca fue obligatorio porque as\u00ed lo decidieron las autoridades sanitarias.<\/p>\n<p>Y ahora resulta que no solamente debe usarse la mascarilla de manera sencillas, sino que se debe recurrir a dos cubrebocas para hacer m\u00e1s efectiva su utilidad. Desde el inicio de la pandemia, el gobierno fue err\u00e1tico en la aplicaci\u00f3n de medidas pr\u00e1cticas para evitar los contagios.<\/p>\n<p>Las autoridades dejaron que la poblaci\u00f3n se encargara de llevar a cabo el aislamiento para evitar los contagios. No toda la gente cumpli\u00f3. Algunos estaban necesitados de salir a la calle a conseguir comida.\u00a0 Otros, irresponsables, rompieron la cuarentena para salir a las calles a pasear.<\/p>\n<p>Al no haber reglas severas para combatir al virus, la gente, muchas veces harta del encierro, no lo pens\u00f3 dos veces para irse de vacaciones. Eso s\u00ed, los gobiernos se apoyaron en el respeto a la libertad para no restringir los derechos humanos, a pesar de los altos \u00edndices de contagio que permanecen en amenaza constante.<\/p>\n<p>Adem\u00e1s, un sinn\u00famero de factores se uni\u00f3 al paso letal del virus. Las fiestas de la temporada decembrina y las vacaciones relajaron las reglas contra el contagio. \u00bfResultado? Aumento en las cifras de decesos y de enfermos. Hospitales llenos, funerarias y crematorios sin espacios, mercado negro de insumos contra la Covid-19, as\u00ed como fraude en la venta de cilindros de ox\u00edgeno.<\/p>\n<p>Vivimos, pues, una amarga pesadilla cargada de incertidumbre. Hace varios meses se presentaba la vacuna como una soluci\u00f3n real al problema, pero la situaci\u00f3n cambi\u00f3. Ya se descubri\u00f3 el ant\u00eddoto, pero diversas circunstancias no permiten que se vacune a todos, ni todos los pa\u00edses cuentan con el antiviral.<\/p>\n<p>En M\u00e9xico ocurri\u00f3 una especie de algarab\u00eda con el anuncio de la llegada de las vacunas que luego se opac\u00f3. Pues los laboratorios demoraron las entregas y como es ya una tradici\u00f3n, las autoridades se hicieron bolas en los programas de vacunaci\u00f3n, incluida la participaci\u00f3n de los llamados \u201cservidoresde la naci\u00f3n\u201d, que \u201chacen campa\u00f1a electoral con la vacuna\u201d, seg\u00fan el dirigente panista, Marko Cort\u00e9s.<\/p>\n<p>Conforme se avance rumbo a las elecciones m\u00e1s grandes registradas en M\u00e9xico, el panorama electoral se contaminar\u00e1 y el coronavirus jugar\u00e1 un pape importante. A\u00fan no hay pron\u00f3sticos de lo que suceder\u00e1. Tendr\u00e1 que analizarse el balance de la lucha contra la pandemia y de la aplicaci\u00f3n de la vacuna que va muy lenta. En M\u00e9xico no se tiene idea alguna de cuando terminar\u00e1 la campa\u00f1a de vacunaci\u00f3n que involucra a m\u00e1s de 80 millones de personas. Las propias autoridades dan bandazos que nos tienen aterrorizados.<\/p>\n<p>Las cifras de decesos por Covid-19 obligan a cambiar la estrategia para enfrentarlo y abatirlo. Sin embargo, las autoridades no quieren entenderlo. El sem\u00e1foro epidemiol\u00f3gico no funcion\u00f3, o funcion\u00f3 a medias. Cuando se efectuaba la aplicaci\u00f3n del color rojo, es decir la limitaci\u00f3n en cierto tipo de actividades, la poblaci\u00f3n entend\u00eda el mensaje al rev\u00e9s y abandonaba el aislamiento para salir a la calle.<\/p>\n<p>En fin, la pandemia nos golpea y en el presente la crisis de salud nos agobia. Es total nuestra indefensi\u00f3n. \u00bfUsted qu\u00e9 opina amable lector?<\/p>\n<p><a href=\"mailto:aco2742@hotmail.com\" target=\"_blank\" rel=\"noopener noreferrer\"><em>aco2742@hotmail.com<\/em><\/a><\/p>\n","protected":false},"excerpt":{"rendered":"<p><span style=\"color: #005497;\"><strong>Augusto Corro<\/strong><\/span><\/p>\n","protected":false},"author":3,"featured_media":0,"comment_status":"open","ping_status":"open","sticky":false,"template":"","format":"standard","meta":{"_monsterinsights_skip_tracking":false,"_monsterinsights_sitenote_active":false,"_monsterinsights_sitenote_note":"","_monsterinsights_sitenote_category":0,"footnotes":""},"categories":[157],"tags":[43686,43674,11515],"class_list":["post-494843","post","type-post","status-publish","format-standard","hentry","category-augusto-corro","tag-augusto-corro","tag-opinion","tag-punto-por-punto"],"_links":{"self":[{"href":"https:\/\/www.diarioimagen.net\/index.php?rest_route=\/wp\/v2\/posts\/494843","targetHints":{"allow":["GET"]}}],"collection":[{"href":"https:\/\/www.diarioimagen.net\/index.php?rest_route=\/wp\/v2\/posts"}],"about":[{"href":"https:\/\/www.diarioimagen.net\/index.php?rest_route=\/wp\/v2\/types\/post"}],"author":[{"embeddable":true,"href":"https:\/\/www.diarioimagen.net\/index.php?rest_route=\/wp\/v2\/users\/3"}],"replies":[{"embeddable":true,"href":"https:\/\/www.diarioimagen.net\/index.php?rest_route=%2Fwp%2Fv2%2Fcomments&post=494843"}],"version-history":[{"count":0,"href":"https:\/\/www.diarioimagen.net\/index.php?rest_route=\/wp\/v2\/posts\/494843\/revisions"}],"wp:attachment":[{"href":"https:\/\/www.diarioimagen.net\/index.php?rest_route=%2Fwp%2Fv2%2Fmedia&parent=494843"}],"wp:term":[{"taxonomy":"category","embeddable":true,"href":"https:\/\/www.diarioimagen.net\/index.php?rest_route=%2Fwp%2Fv2%2Fcategories&post=494843"},{"taxonomy":"post_tag","embeddable":true,"href":"https:\/\/www.diarioimagen.net\/index.php?rest_route=%2Fwp%2Fv2%2Ftags&post=494843"}],"curies":[{"name":"wp","href":"https:\/\/api.w.org\/{rel}","templated":true}]}}