{"id":494847,"date":"2021-02-01T00:03:07","date_gmt":"2021-02-01T06:03:07","guid":{"rendered":"https:\/\/www.diarioimagen.net\/?p=494847"},"modified":"2021-02-01T01:50:04","modified_gmt":"2021-02-01T07:50:04","slug":"amlo-bien-pero","status":"publish","type":"post","link":"https:\/\/www.diarioimagen.net\/?p=494847","title":{"rendered":"AMLO, bien pero\u2026"},"content":{"rendered":"<h2>Espacio Electoral<\/h2>\n<h5>Eleazar Flores<\/h5>\n<p>&nbsp;<\/p>\n<p><strong>LE ANTICIP\u00c9-.<\/strong> El ide\u00f3logo Jes\u00fas Reyes Heroles dec\u00eda, mitad en serio y la otra en broma, \u201cno tengo porqu\u00e9 ser humilde\u201d, refiri\u00e9ndose a su portento cultural ante los dem\u00e1s mortales. Sin la m\u00ednima comparaci\u00f3n que ser\u00eda un sacrilegio, le anticip\u00e9 que AMLO cambiar\u00eda su discurso al reaparecer.<\/p>\n<p>As\u00ed lo hizo el viernes para disminuir el crecimiento de rumores acerca de la gravedad de su enfermedad, lo hizo m\u00e1s conciliador, agradecido, sin olvidar \u201chasta mis adversarios\u201d, reiter\u00f3.<\/p>\n<p>Lo semi\u00f3logos, analistas y fijados en las escenas de su mensaje, captan que el mandatario ten\u00eda alg\u00fan \u201cpiquete\u201d en la mano derecha, -publicada en <em>El Universal<\/em> del domingo-, pero los m\u00e1s acuciosos detectaron el infaltable florero como parte destacada del escenario de\u00a0 las distintas tomas televisivas con el mensaje presidencial de trece minutos. Muchos o pocos, seg\u00fan se vea.<\/p>\n<p>La sustancia del mensaje, m\u00e1s que las palabras de agradecimiento del Presidente de la Rep\u00fablica a mandatarios de otros pa\u00edses y pol\u00edticos, empresarios, intelectuales y \u201chasta mis adversarios\u201d, fue percibir el semblante la forma de caminar y hasta el acicalado que el mandatario confes\u00f3 haberse dado para salir a c\u00e1maras, pero eso s\u00ed, advirti\u00f3 que sigue trabajando.<\/p>\n<p><strong>MENTIRA-.<\/strong> Algo que tampoco cambi\u00f3 el mandatario fue el presumir que ha pasado lo peor de la pandemia, que habr\u00e1 vacunas para todos, camas en los hospitales y dem\u00e1s insumos que en honor a la verdad ya pocos le creen, tomando en cuenta que la realidad del d\u00eda a d\u00eda en casi todo es diferente, escasez de tanques de ox\u00edgeno, camas y mejor le cambio, pues la \u00f3ptica presidencial es seguir viviendo en <em>pejelandia<\/em>.<\/p>\n<p><strong>EDOMEX-. <\/strong>En tierras mexiquenses, cuyo gentilicio cumpli\u00f3 30 a\u00f1os la semana pasada, el reloj electoral no se detiene pues han iniciado las PRECAMPA\u00d1AS de los aspirantes a las 45 diputaciones locales de mayor\u00eda relativa y a los 125 cabildos, que ambos se elegir\u00e1n el primer domingo de junio y tomen posesi\u00f3n quienes ganen, el primer d\u00eda de agosto.<\/p>\n<p>FIGURAS-. Hasta ahora destacan nombres de dos pol\u00edticos para ocupar el liderazgo de la fracci\u00f3n priista en la Legislatura Local, pero a\u00fan se negocia si siguen adelante o esperan participar en las federales intermedias.<\/p>\n<p>Se trata del naucalpense Enrique Jacob Rocha, hijo de Enrique Jacob Soriano, pol\u00edtico <em>hankista<\/em> ya fallecido. Ambos Jacob han sido alcaldes y diputados federales o locales. Jacob Rocha fue funcionario federal en tiempos del pe\u00f1ismo\u00a0 en el \u00e1rea del emprendedurismo joven. Renunci\u00f3\u00a0 a la Secretar\u00eda de Desarrollo Econ\u00f3mico del gobierno estatal. Posible aspirante para 2023.<\/p>\n<p>El otro aspirante destacado es el \u201ccantante\u201d educador, Alejandro Fern\u00e1ndez, ex titular de la secretar\u00eda de Educaci\u00f3n mexiquense.<\/p>\n<p>Desfilar\u00e1n m\u00e1s nombres en pr\u00f3ximos d\u00edas.<\/p>\n<p><em><a href=\"mailto:elefa44@gmail.com\" target=\"_blank\" rel=\"noopener noreferrer\">elefa44@gmail.com<\/a><\/em><\/p>\n","protected":false},"excerpt":{"rendered":"<p><span style=\"color: #005497;\"><strong>Eleazar Flores<\/strong><\/span><\/p>\n","protected":false},"author":3,"featured_media":0,"comment_status":"open","ping_status":"open","sticky":false,"template":"","format":"standard","meta":{"_monsterinsights_skip_tracking":false,"_monsterinsights_sitenote_active":false,"_monsterinsights_sitenote_note":"","_monsterinsights_sitenote_category":0,"footnotes":""},"categories":[81743],"tags":[81744,81776,43674],"class_list":["post-494847","post","type-post","status-publish","format-standard","hentry","category-eleazar-flores","tag-eleazar-flores","tag-espacio-electoral","tag-opinion"],"_links":{"self":[{"href":"https:\/\/www.diarioimagen.net\/index.php?rest_route=\/wp\/v2\/posts\/494847","targetHints":{"allow":["GET"]}}],"collection":[{"href":"https:\/\/www.diarioimagen.net\/index.php?rest_route=\/wp\/v2\/posts"}],"about":[{"href":"https:\/\/www.diarioimagen.net\/index.php?rest_route=\/wp\/v2\/types\/post"}],"author":[{"embeddable":true,"href":"https:\/\/www.diarioimagen.net\/index.php?rest_route=\/wp\/v2\/users\/3"}],"replies":[{"embeddable":true,"href":"https:\/\/www.diarioimagen.net\/index.php?rest_route=%2Fwp%2Fv2%2Fcomments&post=494847"}],"version-history":[{"count":0,"href":"https:\/\/www.diarioimagen.net\/index.php?rest_route=\/wp\/v2\/posts\/494847\/revisions"}],"wp:attachment":[{"href":"https:\/\/www.diarioimagen.net\/index.php?rest_route=%2Fwp%2Fv2%2Fmedia&parent=494847"}],"wp:term":[{"taxonomy":"category","embeddable":true,"href":"https:\/\/www.diarioimagen.net\/index.php?rest_route=%2Fwp%2Fv2%2Fcategories&post=494847"},{"taxonomy":"post_tag","embeddable":true,"href":"https:\/\/www.diarioimagen.net\/index.php?rest_route=%2Fwp%2Fv2%2Ftags&post=494847"}],"curies":[{"name":"wp","href":"https:\/\/api.w.org\/{rel}","templated":true}]}}