{"id":494905,"date":"2021-02-02T00:04:24","date_gmt":"2021-02-02T06:04:24","guid":{"rendered":"https:\/\/www.diarioimagen.net\/?p=494905"},"modified":"2021-02-02T06:10:09","modified_gmt":"2021-02-02T12:10:09","slug":"sustitucion-de-luminarias-a-lamparas-tipo-led-en-huixquilucan","status":"publish","type":"post","link":"https:\/\/www.diarioimagen.net\/?p=494905","title":{"rendered":"Sustituci\u00f3n de luminarias a l\u00e1mparas tipo LED en Huixquilucan"},"content":{"rendered":"<p>&nbsp;<\/p>\n<p><a href=\"https:\/\/www.diarioimagen.net\/?attachment_id=495026\" rel=\"attachment wp-att-495026\"><img loading=\"lazy\" decoding=\"async\" class=\"aligncenter size-full wp-image-495026\" src=\"https:\/\/www.diarioimagen.net\/wp-content\/uploads\/2021\/02\/huixquilucan-1.jpg\" alt=\"\" width=\"460\" height=\"270\" \/><\/a><\/p>\n<p>&nbsp;<\/p>\n<p><strong>Huixquilucan, Estado de M\u00e9xico.-<\/strong> El presidente municipal, Enrique Vargas del Villar dio inicio a la \u00faltima etapa de sustituci\u00f3n de 6 mil 200 luminarias a l\u00e1mparas tipo LED, lo cual mejorar\u00e1 la iluminaci\u00f3n en las tres zonas del municipio y con ello inhibir la delincuencia.<\/p>\n<p>Acompa\u00f1ado del director de Servicios P\u00fablicos, Julio C\u00e9sar Zepeda Montoya, el alcalde inform\u00f3 que su compromiso fue cambiar la totalidad de las luminarias. \u201cHuixquilucan va a ser el primer municipio en el estado de M\u00e9xico, que tenga sus l\u00e1mparas 100 porciento tipo led, todo pagado con recursos propios, como ha sido una constante de este gobierno, entregar obras y servicios sin endeudamiento\u201d.<\/p>\n","protected":false},"excerpt":{"rendered":"<p>El presidente municipal, Enrique Vargas del Villar dio inicio a la \u00faltima etapa de sustituci\u00f3n de 6 mil 200 luminarias a l\u00e1mparas tipo LED, lo cual mejorar\u00e1 la iluminaci\u00f3n en las tres zonas del municipio y con ello inhibir la delincuencia.<\/p>\n","protected":false},"author":3,"featured_media":495026,"comment_status":"open","ping_status":"open","sticky":false,"template":"","format":"standard","meta":{"_monsterinsights_skip_tracking":false,"_monsterinsights_sitenote_active":false,"_monsterinsights_sitenote_note":"","_monsterinsights_sitenote_category":0,"footnotes":""},"categories":[5],"tags":[47218,1097,51444],"class_list":["post-494905","post","type-post","status-publish","format-standard","has-post-thumbnail","hentry","category-estado-de-mexico","tag-enrique-vargas-del-villar","tag-huixquilucan","tag-led"],"_links":{"self":[{"href":"https:\/\/www.diarioimagen.net\/index.php?rest_route=\/wp\/v2\/posts\/494905","targetHints":{"allow":["GET"]}}],"collection":[{"href":"https:\/\/www.diarioimagen.net\/index.php?rest_route=\/wp\/v2\/posts"}],"about":[{"href":"https:\/\/www.diarioimagen.net\/index.php?rest_route=\/wp\/v2\/types\/post"}],"author":[{"embeddable":true,"href":"https:\/\/www.diarioimagen.net\/index.php?rest_route=\/wp\/v2\/users\/3"}],"replies":[{"embeddable":true,"href":"https:\/\/www.diarioimagen.net\/index.php?rest_route=%2Fwp%2Fv2%2Fcomments&post=494905"}],"version-history":[{"count":0,"href":"https:\/\/www.diarioimagen.net\/index.php?rest_route=\/wp\/v2\/posts\/494905\/revisions"}],"wp:featuredmedia":[{"embeddable":true,"href":"https:\/\/www.diarioimagen.net\/index.php?rest_route=\/wp\/v2\/media\/495026"}],"wp:attachment":[{"href":"https:\/\/www.diarioimagen.net\/index.php?rest_route=%2Fwp%2Fv2%2Fmedia&parent=494905"}],"wp:term":[{"taxonomy":"category","embeddable":true,"href":"https:\/\/www.diarioimagen.net\/index.php?rest_route=%2Fwp%2Fv2%2Fcategories&post=494905"},{"taxonomy":"post_tag","embeddable":true,"href":"https:\/\/www.diarioimagen.net\/index.php?rest_route=%2Fwp%2Fv2%2Ftags&post=494905"}],"curies":[{"name":"wp","href":"https:\/\/api.w.org\/{rel}","templated":true}]}}