{"id":494924,"date":"2021-02-02T00:03:02","date_gmt":"2021-02-02T06:03:02","guid":{"rendered":"https:\/\/www.diarioimagen.net\/?p=494924"},"modified":"2021-02-02T00:42:07","modified_gmt":"2021-02-02T06:42:07","slug":"494924","status":"publish","type":"post","link":"https:\/\/www.diarioimagen.net\/?p=494924","title":{"rendered":"Obispo Ra\u00fal Vera"},"content":{"rendered":"<h2>Espacio Electoral<\/h2>\n<h5>Eleazar Flores<\/h5>\n<p>&nbsp;<\/p>\n<p><strong>SE RETIRA-.<\/strong> El obispo de Saltillo, Ra\u00fal Vera L\u00f3pez, se retira oficialmente de su di\u00f3cesis, al cumplir 75 a\u00f1os de edad. Se le recordar\u00e1 como auxiliar del obispo de San Crist\u00f3bal de las Casas Chiapas, Samuel Ru\u00edz, ambos inc\u00f3modos no s\u00f3lo para el gobierno, tambi\u00e9n para las autoridades eclesi\u00e1sticas del Vaticano.<\/p>\n<p>Pocos sabr\u00e1n que Ra\u00fal Vera L\u00f3pez se recibi\u00f3 como ingeniero qu\u00edmico de la UNAM, profesi\u00f3n que no ejerci\u00f3, pues se meti\u00f3 a la congregaci\u00f3n de Los Dominicos y de ah\u00ed una exitosa carrera clerical en Altamirano, Chiapas y Saltillo, donde concluye una vida religiosa notable por luchar por los humildes y migrantes al grado de fundar una casa para su apoyo, en el norte.<\/p>\n<p><strong>PRESB\u00cdTERO-OBISPO-.<\/strong> Ra\u00fal Vera L\u00f3pez fue ordenado sacerdote en 1975, ni m\u00e1s ni menos que por el Papa Paulo VI, al egresar de la Universidad Pontificia de Italia para despu\u00e9s regresar a su pa\u00eds. Entre otros cargos en la Iglesia cat\u00f3lica mexicana fue desempe\u00f1arse como obispo en las Di\u00f3cesis de Ciudad Altamirano y como auxiliar en la de San Crist\u00f3bal de las Casas.<\/p>\n<p>Aqu\u00ed, fue auxiliar de otro obispo m\u00edtico, Samuel Ru\u00edz, \u201cTatic\u201d le dec\u00edan los ind\u00edgenas por el gran afecto que le dispensaron, pues luch\u00f3 de su lado cuando tuvieron que enfrentarse a las autoridades civiles de los tres niveles de gobierno.<\/p>\n<p>A la Di\u00f3cesis de Chiapas llega a suceder a Ra\u00fal Vera otro obispo al que le cost\u00f3 mucho trabajar pero su entrega le hizo ganarse el afecto de los diversos grupos \u00e9tnicos. Se trata del obispo mexiquense Felipe Arizmendi, en cuyo ministerio logr\u00f3 traducir e imprimir la biblia al totzil. Todo un \u00e9xito.<\/p>\n<p>Hoy Arizmendi, tambi\u00e9n ya en retiro, fue nombrado Cardenal em\u00e9rito por el Papa Francisco.<\/p>\n<p>De San Crist\u00f3bal Ra\u00fal Vera fue nombrado obispo de Saltillo en cuya di\u00f3cesis se destac\u00f3 en la \u00faltima d\u00e9cada por luchar por y al lado de grupos migrantes tanto que fund\u00f3 una casa-albergue para darles todo tipo de ayudas sin tantos reflectores como otros colegas, lo que no fue bien vista por el gobierno.<\/p>\n<p><em><a href=\"mailto:elefa44@gmail.com\" target=\"_blank\" rel=\"noopener noreferrer\">elefa44@gmail.com<\/a><\/em><\/p>\n","protected":false},"excerpt":{"rendered":"<p><span style=\"color: #005497;\"><strong>Eleazar Flores<\/strong><\/span><\/p>\n","protected":false},"author":3,"featured_media":0,"comment_status":"open","ping_status":"open","sticky":false,"template":"","format":"standard","meta":{"_monsterinsights_skip_tracking":false,"_monsterinsights_sitenote_active":false,"_monsterinsights_sitenote_note":"","_monsterinsights_sitenote_category":0,"footnotes":""},"categories":[81743],"tags":[81744,81776,43674],"class_list":["post-494924","post","type-post","status-publish","format-standard","hentry","category-eleazar-flores","tag-eleazar-flores","tag-espacio-electoral","tag-opinion"],"_links":{"self":[{"href":"https:\/\/www.diarioimagen.net\/index.php?rest_route=\/wp\/v2\/posts\/494924","targetHints":{"allow":["GET"]}}],"collection":[{"href":"https:\/\/www.diarioimagen.net\/index.php?rest_route=\/wp\/v2\/posts"}],"about":[{"href":"https:\/\/www.diarioimagen.net\/index.php?rest_route=\/wp\/v2\/types\/post"}],"author":[{"embeddable":true,"href":"https:\/\/www.diarioimagen.net\/index.php?rest_route=\/wp\/v2\/users\/3"}],"replies":[{"embeddable":true,"href":"https:\/\/www.diarioimagen.net\/index.php?rest_route=%2Fwp%2Fv2%2Fcomments&post=494924"}],"version-history":[{"count":0,"href":"https:\/\/www.diarioimagen.net\/index.php?rest_route=\/wp\/v2\/posts\/494924\/revisions"}],"wp:attachment":[{"href":"https:\/\/www.diarioimagen.net\/index.php?rest_route=%2Fwp%2Fv2%2Fmedia&parent=494924"}],"wp:term":[{"taxonomy":"category","embeddable":true,"href":"https:\/\/www.diarioimagen.net\/index.php?rest_route=%2Fwp%2Fv2%2Fcategories&post=494924"},{"taxonomy":"post_tag","embeddable":true,"href":"https:\/\/www.diarioimagen.net\/index.php?rest_route=%2Fwp%2Fv2%2Ftags&post=494924"}],"curies":[{"name":"wp","href":"https:\/\/api.w.org\/{rel}","templated":true}]}}