{"id":495042,"date":"2021-02-03T00:05:02","date_gmt":"2021-02-03T06:05:02","guid":{"rendered":"https:\/\/www.diarioimagen.net\/?p=495042"},"modified":"2021-02-03T03:32:30","modified_gmt":"2021-02-03T09:32:30","slug":"sin-pretension-politica-estrategia-contra-pandemia-sanchez-cordero","status":"publish","type":"post","link":"https:\/\/www.diarioimagen.net\/?p=495042","title":{"rendered":"Sin pretensi\u00f3n pol\u00edtica, estrategia contra pandemia: S\u00e1nchez Cordero"},"content":{"rendered":"<p>&nbsp;<\/p>\n<ul>\n<li><strong><em>Prioridad, bienestar y la salud de los mexicanos<\/em><\/strong><\/li>\n<\/ul>\n<p>&nbsp;<\/p>\n<div id=\"attachment_495101\" style=\"width: 470px\" class=\"wp-caption aligncenter\"><a href=\"https:\/\/www.diarioimagen.net\/?attachment_id=495101\" rel=\"attachment wp-att-495101\"><img loading=\"lazy\" decoding=\"async\" aria-describedby=\"caption-attachment-495101\" class=\"size-full wp-image-495101\" src=\"https:\/\/www.diarioimagen.net\/wp-content\/uploads\/2021\/02\/olga.jpg\" alt=\"\" width=\"460\" height=\"270\" \/><\/a><p id=\"caption-attachment-495101\" class=\"wp-caption-text\">La secretaria de Gobernaci\u00f3n, Olga S\u00e1nchez Cordero, asegur\u00f3 que la estrategia contra la pandemia de Covid-19 se encuentra alejada de cualquier pretensi\u00f3n pol\u00edtica.<\/p><\/div>\n<p>&nbsp;<\/p>\n<p>En la conferencia ma\u00f1anera de Palacio Nacional, la secretaria de Gobernaci\u00f3n, Olga S\u00e1nchez Cordero, asegur\u00f3 que las decisiones del gobierno federal en el combate a la pandemia de Covid-19 se encuentran alejadas de cualquier pretensi\u00f3n pol\u00edtica.<\/p>\n<p>La funcionaria federal dijo que el gobierno de Andr\u00e9s Manuel L\u00f3pez Obrador est\u00e1 abierto a la construcci\u00f3n del di\u00e1logo con todos los actores, pues por encima de todas las polarizaciones est\u00e1 el bienestar y la salud de los mexicanos.<\/p>\n<p>\u201cEn este gobierno estamos abiertos a la pluralidad, a la construcci\u00f3n del di\u00e1logo y la participaci\u00f3n de todos los actores sociales y pol\u00edticos, particularmente en temas tan delicados como los que se refieren a la salud.<\/p>\n<p>\u201cLas decisiones de este gobierno, sobre todo en esta materia tan importante, tan delicada, son democr\u00e1ticos en absoluta corresponsabilidad institucional, alejadas de cualquier pretensi\u00f3n pol\u00edtica\u201d, dijo.<\/p>\n<p>Se\u00f1al\u00f3 que el gobierno de M\u00e9xico dise\u00f1\u00f3 la estrategia para combatir a la Covid-19 utilizando datos cient\u00edficos, con el objetivo de detener la curva de contagios para salvar la mayor cantidad de vidas humanas posibles, \u201ctomando en cuenta todas las voces y la finalidad de hacer un frente com\u00fan y s\u00f3lido en el pa\u00eds\u201d.<\/p>\n<p>\u201cLa estrategia se ha desarrollado para buscar el m\u00e1ximo beneficio y garantizar el derecho a la salud de todos los mexicanos. Que no exista la menor duda que, para el Presidente, la salud y el bienestar de cada persona es una prioridad, por encima de las polarizaciones. Por ello, tenemos toda la disposici\u00f3n de evaluar los resultados y determinar qu\u00e9 debemos hacer\u201d, indic\u00f3.<\/p>\n<p style=\"text-align: center;\"><strong>De que vamos a tener vacunas, las tendremos, asegura Ebrard <\/strong><\/p>\n<p>Por su parte, el secretario de Relaciones Exteriores (SRE), Marcelo Ebrard, inform\u00f3 que lleg\u00f3 el segundo embarque con el principio activo de la vacuna anticovid de AstraZeneca, \u00abeste es un proceso que no se puede hacer tan r\u00e1pido\u00bb.<\/p>\n<p>Anunci\u00f3 que Pfizer retomar\u00e1 el suministro de dosis a M\u00e9xico a partir de la semana del 14 de febrero y que CanSino presentar\u00e1 los resultados preliminares del ensayo Fase 3 de su vacuna contra covid-19 esta semana, \u00ablos resultados son prometedores, dieron a conocer un primer corte\u00bb.<\/p>\n<p>\u00abEl Presidente en estos d\u00edas nos habla m\u00e1s veces al d\u00eda. De que vamos a tener vacunas, vamos a tener; M\u00e9xico tiene el portafolio completo, tambi\u00e9n es un hecho\u00bb.<\/p>\n<p style=\"text-align: center;\"><strong>La\u00a0 Sputnik V es segura y eficaz, dice L\u00f3pez-Gatell<\/strong><\/p>\n<p>Tambi\u00e9n en la ma\u00f1anera, el subsecretario de Promoci\u00f3n y Prevenci\u00f3n de la Salud, Hugo L\u00f3pez-Gatell, destac\u00f3 que el titular de la Secretar\u00eda de Salud (Ssa), Jorge Alcocer, firm\u00f3 el lunesel contrato para el suministro de la vacuna Sputnik V.<\/p>\n<p>\u00abLa vacuna Sputnik V es segura, tiene 92 por ciento de eficacia contra Covid-19, se puede usar de manera asegura y es eficaz tambi\u00e9n en personas adultas mayores que brinda una enorme oportunidad ahora de acelerar el paso en la vacunaci\u00f3n\u00bb.<\/p>\n<p style=\"text-align: center;\"><strong>Se abre registro de adultos mayores para vacunaci\u00f3n<\/strong><\/p>\n<p>En la conferencia se anunci\u00f3 que el gobierno federal abri\u00f3 el registro de adultos mayores que ser\u00e1n vacunados contra covid-19, por lo que L\u00f3pez Gatell reiter\u00f3 que ya se abri\u00f3 la preparaci\u00f3n del ciclo de vacunaci\u00f3n de adultos mayores.<\/p>\n<p>La p\u00e1gina para llevar a cabo el proceso es mivacuna.salud.gob.mx, en donde se tendr\u00e1n que vaciar datos de la persona que recibir\u00e1 la dosis.<\/p>\n","protected":false},"excerpt":{"rendered":"<p>En la conferencia ma\u00f1anera de Palacio Nacional, la secretaria de Gobernaci\u00f3n, Olga S\u00e1nchez Cordero, asegur\u00f3 que las decisiones del gobierno federal en el combate a la pandemia de Covid-19 se encuentran alejadas de cualquier pretensi\u00f3n pol\u00edtica.<\/p>\n","protected":false},"author":3,"featured_media":495101,"comment_status":"open","ping_status":"open","sticky":false,"template":"","format":"standard","meta":{"_monsterinsights_skip_tracking":false,"_monsterinsights_sitenote_active":false,"_monsterinsights_sitenote_note":"","_monsterinsights_sitenote_category":0,"footnotes":""},"categories":[3],"tags":[90021,43673,10638,29516],"class_list":["post-495042","post","type-post","status-publish","format-standard","has-post-thumbnail","hentry","category-nacional","tag-covid-19","tag-nacional","tag-olga-sanchez-cordero","tag-pandemia"],"_links":{"self":[{"href":"https:\/\/www.diarioimagen.net\/index.php?rest_route=\/wp\/v2\/posts\/495042","targetHints":{"allow":["GET"]}}],"collection":[{"href":"https:\/\/www.diarioimagen.net\/index.php?rest_route=\/wp\/v2\/posts"}],"about":[{"href":"https:\/\/www.diarioimagen.net\/index.php?rest_route=\/wp\/v2\/types\/post"}],"author":[{"embeddable":true,"href":"https:\/\/www.diarioimagen.net\/index.php?rest_route=\/wp\/v2\/users\/3"}],"replies":[{"embeddable":true,"href":"https:\/\/www.diarioimagen.net\/index.php?rest_route=%2Fwp%2Fv2%2Fcomments&post=495042"}],"version-history":[{"count":0,"href":"https:\/\/www.diarioimagen.net\/index.php?rest_route=\/wp\/v2\/posts\/495042\/revisions"}],"wp:featuredmedia":[{"embeddable":true,"href":"https:\/\/www.diarioimagen.net\/index.php?rest_route=\/wp\/v2\/media\/495101"}],"wp:attachment":[{"href":"https:\/\/www.diarioimagen.net\/index.php?rest_route=%2Fwp%2Fv2%2Fmedia&parent=495042"}],"wp:term":[{"taxonomy":"category","embeddable":true,"href":"https:\/\/www.diarioimagen.net\/index.php?rest_route=%2Fwp%2Fv2%2Fcategories&post=495042"},{"taxonomy":"post_tag","embeddable":true,"href":"https:\/\/www.diarioimagen.net\/index.php?rest_route=%2Fwp%2Fv2%2Ftags&post=495042"}],"curies":[{"name":"wp","href":"https:\/\/api.w.org\/{rel}","templated":true}]}}