{"id":495053,"date":"2021-02-03T00:03:31","date_gmt":"2021-02-03T06:03:31","guid":{"rendered":"https:\/\/www.diarioimagen.net\/?p=495053"},"modified":"2021-02-03T03:42:27","modified_gmt":"2021-02-03T09:42:27","slug":"ratifica-hr-ratings-su-calificacion-bbb-a-las-finanzas-de-cuautitlan","status":"publish","type":"post","link":"https:\/\/www.diarioimagen.net\/?p=495053","title":{"rendered":"Ratifica HR Ratings su calificaci\u00f3n BBB+ a las finanzas de Cuautitl\u00e1n"},"content":{"rendered":"<p><strong>\u00a0<\/strong><\/p>\n<p><a href=\"https:\/\/www.diarioimagen.net\/?attachment_id=495112\" rel=\"attachment wp-att-495112\"><img loading=\"lazy\" decoding=\"async\" class=\"aligncenter size-full wp-image-495112\" src=\"https:\/\/www.diarioimagen.net\/wp-content\/uploads\/2021\/02\/cuautitlan.jpg\" alt=\"\" width=\"460\" height=\"270\" \/><\/a><\/p>\n<p>&nbsp;<\/p>\n<p><strong>Cuautitl\u00e1n, Estado de M\u00e9xico.-<\/strong> Desde el inicio de la presente administraci\u00f3n municipal, se ha trabajado para mejorar la calidad de vida de sus habitantes, con la firme decisi\u00f3n de hacer un buen uso de los recursos p\u00fablicos, lo que ha permitido a la fecha alcanzar una mejor calificaci\u00f3n a nivel nacional.<\/p>\n<p>En este sentido, la calificadora HR Rating (instituci\u00f3n calificadora de valores) ratific\u00f3 la calificaci\u00f3n de HR Rating de BBB+ al municipio de Cuautitl\u00e1n y modific\u00f3 la perspectiva de Positiva a Estable.<\/p>\n","protected":false},"excerpt":{"rendered":"<p>\u00a0 &nbsp; Cuautitl\u00e1n, Estado de M\u00e9xico.- Desde el inicio de la presente administraci\u00f3n municipal, se ha trabajado para mejorar la calidad de vida de sus habitantes, con la firme decisi\u00f3n de hacer un buen uso de los recursos p\u00fablicos, lo que ha permitido a la fecha alcanzar una mejor calificaci\u00f3n a nivel nacional. En este [&hellip;]<\/p>\n","protected":false},"author":3,"featured_media":495112,"comment_status":"open","ping_status":"open","sticky":false,"template":"","format":"standard","meta":{"_monsterinsights_skip_tracking":false,"_monsterinsights_sitenote_active":false,"_monsterinsights_sitenote_note":"","_monsterinsights_sitenote_category":0,"footnotes":""},"categories":[5],"tags":[681,43675,92307],"class_list":["post-495053","post","type-post","status-publish","format-standard","has-post-thumbnail","hentry","category-estado-de-mexico","tag-cuautitlan","tag-estado-de-mexico","tag-hr-rating-de-bbb"],"_links":{"self":[{"href":"https:\/\/www.diarioimagen.net\/index.php?rest_route=\/wp\/v2\/posts\/495053","targetHints":{"allow":["GET"]}}],"collection":[{"href":"https:\/\/www.diarioimagen.net\/index.php?rest_route=\/wp\/v2\/posts"}],"about":[{"href":"https:\/\/www.diarioimagen.net\/index.php?rest_route=\/wp\/v2\/types\/post"}],"author":[{"embeddable":true,"href":"https:\/\/www.diarioimagen.net\/index.php?rest_route=\/wp\/v2\/users\/3"}],"replies":[{"embeddable":true,"href":"https:\/\/www.diarioimagen.net\/index.php?rest_route=%2Fwp%2Fv2%2Fcomments&post=495053"}],"version-history":[{"count":0,"href":"https:\/\/www.diarioimagen.net\/index.php?rest_route=\/wp\/v2\/posts\/495053\/revisions"}],"wp:featuredmedia":[{"embeddable":true,"href":"https:\/\/www.diarioimagen.net\/index.php?rest_route=\/wp\/v2\/media\/495112"}],"wp:attachment":[{"href":"https:\/\/www.diarioimagen.net\/index.php?rest_route=%2Fwp%2Fv2%2Fmedia&parent=495053"}],"wp:term":[{"taxonomy":"category","embeddable":true,"href":"https:\/\/www.diarioimagen.net\/index.php?rest_route=%2Fwp%2Fv2%2Fcategories&post=495053"},{"taxonomy":"post_tag","embeddable":true,"href":"https:\/\/www.diarioimagen.net\/index.php?rest_route=%2Fwp%2Fv2%2Ftags&post=495053"}],"curies":[{"name":"wp","href":"https:\/\/api.w.org\/{rel}","templated":true}]}}