{"id":495172,"date":"2021-02-03T00:04:10","date_gmt":"2021-02-03T06:04:10","guid":{"rendered":"https:\/\/www.diarioimagen.net\/?p=495172"},"modified":"2021-02-03T18:13:17","modified_gmt":"2021-02-04T00:13:17","slug":"nomas-eso-falta","status":"publish","type":"post","link":"https:\/\/www.diarioimagen.net\/?p=495172","title":{"rendered":"\u00a1Nom\u00e1s eso falta!"},"content":{"rendered":"<h2>Perfil de M\u00e9xico<\/h2>\n<h5>Armando R\u00edos Ruiz<\/h5>\n<p>&nbsp;<\/p>\n<p>Dicen que \u201cla estupidez combinada con arrogancia y un enorme ego te llevar\u00e1 por un largo camino\u201d. Pero de sinsabores y frustraciones. Lo anterior, por la postura adoptada \u00faltimamente por el diputado Gerardo Fern\u00e1ndez Noro\u00f1a, a quien los periodistas ya bautizaron como \u201cFern\u00e1ndez la ro\u00f1a\u201d, por lo excesivamente corriente, al punto de dar toques a metros de distancia.<\/p>\n<p>Ha dado en pregonar que sin ninguna duda, ser\u00e1 candidato a la Presidencia de la Rep\u00fablica en 2024 por la gracia del pueblo. Nom\u00e1s eso falta a los mexicanos. Que un individuo con su perge\u00f1o se erija en el primer mandatario de este pa\u00eds o de lo que quede, cuando ya todo est\u00e9 destruido, empobrecido, con hordas de criminales por doquier, que jam\u00e1s respondieron al abrazo.<\/p>\n<p>Tal vez se refiere a que desea terminar de pie, para asestar a M\u00e9xico el tiro de gracia.<\/p>\n<p>Ve en el trato cari\u00f1oso de unas tres o cuatro personas, a todos los habitantes del pa\u00eds. Es como aqu\u00e9l que ve a una dama sonre\u00edrle y cree que le coquetea. Con eso tiene para juzgar que lo quieren como presidente de la Rep\u00fablica. Eso es lo que deja de ver en una reciente entrevista.<\/p>\n<p>Es como el pol\u00edtico pueblerino que me dijo: \u201cvoy a buscar una diputaci\u00f3n. La gente quiere que vuelva por mis fueros. Ya van dos que me dicen: \u00bfPor qu\u00e9 no te avientas? T\u00fa has sido pol\u00edtico toda tu vida y \u00faltimamente has estado quieto\u201d. En dos comentarios observ\u00f3 un alud.<\/p>\n<p>Eso hace entender que no tiene la m\u00ednima conciencia de qui\u00e9n es. Se juzga simp\u00e1tico y querido, cuando tirios y troyanos lo tildan de grosero inconsciente, capaz de mentarle la madre a una mujer sin el menor rubor o de ponerse a pelear con el sexo opuesto como si estuviera en los lavaderos m\u00e1s rec\u00f3nditos de las ciudades perdidas, frente a ga\u00f1anes de su tama\u00f1o.<\/p>\n<p>Est\u00e1 cierto de que ser\u00e1 Presidente del pa\u00eds, cuando no logr\u00f3 ser presidente ni de la Mesa Directiva de la C\u00e1mara de Diputados. Eso no bast\u00f3 para reflexionar en que la total ausencia de carisma no le permitir\u00eda caminar por las calles de M\u00e9xico, sin que alguien le echara en cara sus repetidos desatinos, principalmente contra las mujeres.<\/p>\n<p>Ha reunido buena cantidad de exhortos a fin de que d\u00e9 disculpas a varias f\u00e9minas, por sus constantes agresiones desde las tribunas populares, a lo que inclusive se ha resistido, como si se tratara de un personaje a quien se le pueden disculpar sus dislates, solo por tratarse de \u00e9l, dotado de un ego gigantesco, cargado de pesadez y de aversi\u00f3n.<\/p>\n<p>Desde luego, tiene derecho a aspirar a lo que sea. A lo que no lo tiene, es a ignorar lo que realmente representa. A pensar con toda seguridad que es el hombre que todos quisieran ver ungido con el aceite de Palacio Nacional. Que es el id\u00f3neo para hacerse con el m\u00e1ximo pelda\u00f1o pol\u00edtico en la pr\u00f3xima elecci\u00f3n para ese fin. Que no hay otro m\u00e1s bonito que \u00e9l.<\/p>\n<p>Parece haber inspirado a Eduardo Galeano, en aquella frase que expuso, emulando al cuento de Blanca Nieves: \u201cespejito, espejito, \u00bfqui\u00e9n es el m\u00e1s guapo del mundo\u2026?\u201d<\/p>\n<p>En la entrevista dice que lo corr\u00edan de todos los trabajos. Nadie lo dudar\u00eda un instante. Pero logr\u00f3 uno a su medida, en donde puede hacer pr\u00e1cticamente lo que le viene en gana, porque puede acudir directamente a su derecho a expresarse y a injuriar a quien se le ponga enfrente. Preferentemente a las mujeres que, por serlo, muestran un gran recato para ponerse a su nivel.<\/p>\n<p>\u00bfPor qu\u00e9 mejor no se dedic\u00f3 a la m\u00fasica? Le hubiera gustado. Dice. Pero la m\u00fasica implica un don de nacimiento. No cualquiera puede. Si lo tuviera, se hubiera expresado con una fuerza tal, que hoy no ser\u00eda pol\u00edtico. Hay quien asegura que de todas las bellas artes, es la que se manifiesta con m\u00e1s vigor.<\/p>\n<p>Pero vivimos en M\u00e9xico, en donde es posible que suceda cualquier cosa.<\/p>\n<p><a href=\"mailto:ariosruiz@gmail.com\" target=\"_blank\" rel=\"noopener noreferrer\"><em>ariosruiz@gmail.com<\/em><\/a><\/p>\n","protected":false},"excerpt":{"rendered":"<p><span style=\"color: #005497;\"><strong>Armando R\u00edos Ruiz<\/strong><\/span><\/p>\n","protected":false},"author":3,"featured_media":0,"comment_status":"open","ping_status":"open","sticky":false,"template":"","format":"standard","meta":{"_monsterinsights_skip_tracking":false,"_monsterinsights_sitenote_active":false,"_monsterinsights_sitenote_note":"","_monsterinsights_sitenote_category":0,"footnotes":""},"categories":[88405],"tags":[88407,43674,91193],"class_list":["post-495172","post","type-post","status-publish","format-standard","hentry","category-armando-rios-ruiz","tag-armando-rios-ruiz","tag-opinion","tag-perfil-de-mexico"],"_links":{"self":[{"href":"https:\/\/www.diarioimagen.net\/index.php?rest_route=\/wp\/v2\/posts\/495172","targetHints":{"allow":["GET"]}}],"collection":[{"href":"https:\/\/www.diarioimagen.net\/index.php?rest_route=\/wp\/v2\/posts"}],"about":[{"href":"https:\/\/www.diarioimagen.net\/index.php?rest_route=\/wp\/v2\/types\/post"}],"author":[{"embeddable":true,"href":"https:\/\/www.diarioimagen.net\/index.php?rest_route=\/wp\/v2\/users\/3"}],"replies":[{"embeddable":true,"href":"https:\/\/www.diarioimagen.net\/index.php?rest_route=%2Fwp%2Fv2%2Fcomments&post=495172"}],"version-history":[{"count":0,"href":"https:\/\/www.diarioimagen.net\/index.php?rest_route=\/wp\/v2\/posts\/495172\/revisions"}],"wp:attachment":[{"href":"https:\/\/www.diarioimagen.net\/index.php?rest_route=%2Fwp%2Fv2%2Fmedia&parent=495172"}],"wp:term":[{"taxonomy":"category","embeddable":true,"href":"https:\/\/www.diarioimagen.net\/index.php?rest_route=%2Fwp%2Fv2%2Fcategories&post=495172"},{"taxonomy":"post_tag","embeddable":true,"href":"https:\/\/www.diarioimagen.net\/index.php?rest_route=%2Fwp%2Fv2%2Ftags&post=495172"}],"curies":[{"name":"wp","href":"https:\/\/api.w.org\/{rel}","templated":true}]}}