{"id":495197,"date":"2021-02-04T00:33:51","date_gmt":"2021-02-04T06:33:51","guid":{"rendered":"https:\/\/www.diarioimagen.net\/?p=495197"},"modified":"2021-02-05T01:18:29","modified_gmt":"2021-02-05T07:18:29","slug":"por-el-asunto-de-lydia-cacho-detienen-en-acapulco-al-gober-precioso-y-lo-trasladan-a-cancun","status":"publish","type":"post","link":"https:\/\/www.diarioimagen.net\/?p=495197","title":{"rendered":"Por el asunto de Lydia Cacho, detienen en Acapulco al <em>g\u00f3ber precioso<\/em> y lo trasladan a Canc\u00fan"},"content":{"rendered":"<p>&nbsp;<\/p>\n<h3 style=\"text-align: center;\">El poblano est\u00e1 acusado del delito de tortura<\/h3>\n<p>&nbsp;<\/p>\n<ul>\n<li><strong><em>Mario Mar\u00edn Torres contaba con una ficha roja de Interpol desde mayo de 2019, por lo que era buscado en m\u00e1s de 190 pa\u00edses<\/em><\/strong><\/li>\n<\/ul>\n<p>&nbsp;<\/p>\n<div id=\"attachment_495306\" style=\"width: 470px\" class=\"wp-caption aligncenter\"><a href=\"https:\/\/www.diarioimagen.net\/?attachment_id=495306\" rel=\"attachment wp-att-495306\"><img loading=\"lazy\" decoding=\"async\" aria-describedby=\"caption-attachment-495306\" class=\"size-full wp-image-495306\" src=\"https:\/\/www.diarioimagen.net\/wp-content\/uploads\/2021\/02\/MARIN-1.jpg\" alt=\"\" width=\"460\" height=\"270\" \/><\/a><p id=\"caption-attachment-495306\" class=\"wp-caption-text\">Fue capturado Mario Mar\u00edn Torres, tras un cateo en un inmueble en Acapulco.<\/p><\/div>\n<p>&nbsp;<\/p>\n<p>Agentes de la Fiscal\u00eda General de la Rep\u00fablica (FGR) aprehendieron este mi\u00e9rcoles en Acapulco, Guerrero, al ex gobernador de Puebla, Mario Mar\u00edn Torres, tras un cateo en un inmueble en ese puerto.<\/p>\n<p>Tras varios meses de investigaciones, Mar\u00edn Torres, acusado del delito de tortura contra la periodista Lydia Cacho, fue ubicado por un grupo especial de la FGR, quienes obtuvieron la orden de cateo y se procedi\u00f3 a su captura.<\/p>\n<p>El ex mandatario estatal ser\u00e1 trasladado a Canc\u00fan, Quintana Roo, para ser puesto a disposici\u00f3n de la autoridad que lo requiere. Desde mayo de 2019, Mar\u00edn Torres contaba con una ficha roja de Interpol, por lo que era buscado en m\u00e1s de 190 pa\u00edses.<\/p>\n<p>En abril de 2019, la magistrada Mar\u00eda Elena Su\u00e1rez, titular del Primer Tribunal Unitario Vig\u00e9simo S\u00e9ptimo Circuito, orden\u00f3 la aprehensi\u00f3n del ex gobernador, as\u00ed como del empresario Kamel Nacif, por su presunta responsabilidad en la tortura de Lydia Cacho, cometida\u00a0en 2005.<\/p>\n","protected":false},"excerpt":{"rendered":"<p>Agentes de la Fiscal\u00eda General de la Rep\u00fablica (FGR) aprehendieron este mi\u00e9rcoles en Acapulco, Guerrero, al ex gobernador de Puebla, Mario Mar\u00edn Torres, tras un cateo en un inmueble en ese puerto.<\/p>\n","protected":false},"author":3,"featured_media":495306,"comment_status":"open","ping_status":"open","sticky":false,"template":"","format":"standard","meta":{"_monsterinsights_skip_tracking":false,"_monsterinsights_sitenote_active":false,"_monsterinsights_sitenote_note":"","_monsterinsights_sitenote_category":0,"footnotes":""},"categories":[7],"tags":[46324,16976,3244,6756,46,43677],"class_list":["post-495197","post","type-post","status-publish","format-standard","has-post-thumbnail","hentry","category-seguridad","tag-acapulco","tag-captura","tag-guerrero","tag-mario-marin-torres","tag-puebla","tag-seguridad"],"_links":{"self":[{"href":"https:\/\/www.diarioimagen.net\/index.php?rest_route=\/wp\/v2\/posts\/495197","targetHints":{"allow":["GET"]}}],"collection":[{"href":"https:\/\/www.diarioimagen.net\/index.php?rest_route=\/wp\/v2\/posts"}],"about":[{"href":"https:\/\/www.diarioimagen.net\/index.php?rest_route=\/wp\/v2\/types\/post"}],"author":[{"embeddable":true,"href":"https:\/\/www.diarioimagen.net\/index.php?rest_route=\/wp\/v2\/users\/3"}],"replies":[{"embeddable":true,"href":"https:\/\/www.diarioimagen.net\/index.php?rest_route=%2Fwp%2Fv2%2Fcomments&post=495197"}],"version-history":[{"count":0,"href":"https:\/\/www.diarioimagen.net\/index.php?rest_route=\/wp\/v2\/posts\/495197\/revisions"}],"wp:featuredmedia":[{"embeddable":true,"href":"https:\/\/www.diarioimagen.net\/index.php?rest_route=\/wp\/v2\/media\/495306"}],"wp:attachment":[{"href":"https:\/\/www.diarioimagen.net\/index.php?rest_route=%2Fwp%2Fv2%2Fmedia&parent=495197"}],"wp:term":[{"taxonomy":"category","embeddable":true,"href":"https:\/\/www.diarioimagen.net\/index.php?rest_route=%2Fwp%2Fv2%2Fcategories&post=495197"},{"taxonomy":"post_tag","embeddable":true,"href":"https:\/\/www.diarioimagen.net\/index.php?rest_route=%2Fwp%2Fv2%2Ftags&post=495197"}],"curies":[{"name":"wp","href":"https:\/\/api.w.org\/{rel}","templated":true}]}}