{"id":495219,"date":"2021-02-04T00:07:27","date_gmt":"2021-02-04T06:07:27","guid":{"rendered":"https:\/\/www.diarioimagen.net\/?p=495219"},"modified":"2021-02-04T22:02:54","modified_gmt":"2021-02-05T04:02:54","slug":"del-mazo-da-banderazo-de-inicio-a-rehabilitacion-de-la-red-carretera","status":"publish","type":"post","link":"https:\/\/www.diarioimagen.net\/?p=495219","title":{"rendered":"Del Mazo da banderazo de inicio a rehabilitaci\u00f3n de la red carretera"},"content":{"rendered":"<p>&nbsp;<\/p>\n<ul>\n<li><strong><em>Beneficio a 38 municipios del sur del Estado de M\u00e9xico<\/em><\/strong><\/li>\n<\/ul>\n<p><strong>\u00a0<\/strong><\/p>\n<div id=\"attachment_495322\" style=\"width: 470px\" class=\"wp-caption aligncenter\"><a href=\"https:\/\/www.diarioimagen.net\/?attachment_id=495322\" rel=\"attachment wp-att-495322\"><img loading=\"lazy\" decoding=\"async\" aria-describedby=\"caption-attachment-495322\" class=\"size-full wp-image-495322\" src=\"https:\/\/www.diarioimagen.net\/wp-content\/uploads\/2021\/02\/DEL-MAZO1.jpg\" alt=\"\" width=\"460\" height=\"270\" \/><\/a><p id=\"caption-attachment-495322\" class=\"wp-caption-text\">Alfredo Del Mazo puso en marcha el programa Caminos del sur, mediante el cual se rehabilitar\u00e1n 82 caminos, carreteras y vialidades de 38 municipios.<\/p><\/div>\n<p>&nbsp;<\/p>\n<p><strong>Sultepec, Estado de M\u00e9xico.- <\/strong>El gobernador Alfredo Del Mazo Maza dio inicio al programa Caminos del sur, mediante el cual se rehabilitar\u00e1n 82 caminos de 38 municipios de la regi\u00f3n sur del Estado de M\u00e9xico, con lo que se da cumplimiento a una de las demandas de los habitantes de esta zona, que era contar con una mejor red carretera.<\/p>\n<p>\u201cHoy estamos dando el banderazo de salida a un programa muy importante que va a consistir en rehabilitar 82 caminos, carreteras, vialidades del sur del Estado de M\u00e9xico, son 38 municipios que van a ser beneficiados con este programa, esta inversi\u00f3n muy importante que estamos haciendo, para que estos caminos, y el 70 por ciento de los caminos del sur del Estado de M\u00e9xico puedan rehabilitarse, es decir, dejarlos en buenas condiciones\u201d, puntualiz\u00f3.<\/p>\n<p>Del Mazo Maza se\u00f1al\u00f3 que este programa da respuesta a una demanda hist\u00f3rica de los mexiquenses que viven en esta regi\u00f3n, quienes solicitaban la rehabilitaci\u00f3n de sus carreteras para tener mejores condiciones para transitar, as\u00ed como trasladar sus mercanc\u00edas, ya que esta zona se caracteriza por su producci\u00f3n agr\u00edcola.<\/p>\n<p>\u201cEsto ha sido una demanda hist\u00f3rica, la gente del sur del estado lo sabe, hoy con este proyecto que damos inicio que se llama Caminos del sur, vamos a beneficiar a m\u00e1s de dos millones y medio de personas que viven en toda esta regi\u00f3n del Estado de M\u00e9xico. Vamos a mejorarle sus caminos, sus carreteras, sus vialidades y vamos a conservarlas en buenas condiciones\u201d, destac\u00f3.<\/p>\n<p>El gobernador mexiquense indic\u00f3 que este programa permitir\u00e1 tambi\u00e9n traer desarrollo al sur del Estado de M\u00e9xico, as\u00ed como atraer turismo y generar empleos para la poblaci\u00f3n de la regi\u00f3n.<\/p>\n<p>Luego de dar el banderazo de salida a la maquinaria, con lo cual se da inicio a la rehabilitaci\u00f3n de esta red carretera, Alfredo Del Mazo se\u00f1al\u00f3 que la finalidad es que los habitantes del sur de la entidad tengan caminos en buenas condiciones durante los pr\u00f3ximos 10 a\u00f1os.<\/p>\n<p>\u201cLa primera etapa consiste en rehabilitar, es decir, en poner en buenas condiciones m\u00e1s de mil 600 kil\u00f3metros de carreteras, nos vamos a tardar dos a\u00f1os en esta primera etapa, y a partir de ah\u00ed, conservar estos caminos para que cuando menos durante los pr\u00f3ximos 10 a\u00f1os est\u00e9n en buenas condiciones\u201d, detall\u00f3.<\/p>\n<p>La infraestructura carretera de la zona sur del Estado de M\u00e9xico tiene en su mayor\u00eda una antig\u00fcedad de m\u00e1s de 30 a\u00f1os, y a trav\u00e9s de este proyecto se tiene como objetivo un periodo de dos a\u00f1os de rehabilitaci\u00f3n y 10 a\u00f1os de conservaci\u00f3n, con acciones como el mejoramiento y mantenimiento de la infraestructura vial.<\/p>\n<p>Este programa impactar\u00e1 a los mexiquenses, mediante la reducci\u00f3n de tiempos de traslado y costos de desgaste de medios de transporte, adem\u00e1s permitir\u00e1 que se cuente con mayor acceso a los mercados para los cultivos, a los centros de empleo y a los servicios m\u00e9dicos, as\u00ed como de fortalecer la econom\u00eda de esta regi\u00f3n del territorio mexiquense.<\/p>\n","protected":false},"excerpt":{"rendered":"<p>El gobernador Alfredo Del Mazo Maza dio inicio al programa Caminos del sur, mediante el cual se rehabilitar\u00e1n 82 caminos de 38 municipios de la regi\u00f3n sur del Estado de M\u00e9xico, con lo que se da cumplimiento a una de las demandas de los habitantes de esta zona, que era contar con una mejor red carretera.<\/p>\n","protected":false},"author":3,"featured_media":495322,"comment_status":"open","ping_status":"open","sticky":false,"template":"","format":"standard","meta":{"_monsterinsights_skip_tracking":false,"_monsterinsights_sitenote_active":false,"_monsterinsights_sitenote_note":"","_monsterinsights_sitenote_category":0,"footnotes":""},"categories":[5],"tags":[2505,43675,4170],"class_list":["post-495219","post","type-post","status-publish","format-standard","has-post-thumbnail","hentry","category-estado-de-mexico","tag-alfredo-del-mazo-maza","tag-estado-de-mexico","tag-sultepec"],"_links":{"self":[{"href":"https:\/\/www.diarioimagen.net\/index.php?rest_route=\/wp\/v2\/posts\/495219","targetHints":{"allow":["GET"]}}],"collection":[{"href":"https:\/\/www.diarioimagen.net\/index.php?rest_route=\/wp\/v2\/posts"}],"about":[{"href":"https:\/\/www.diarioimagen.net\/index.php?rest_route=\/wp\/v2\/types\/post"}],"author":[{"embeddable":true,"href":"https:\/\/www.diarioimagen.net\/index.php?rest_route=\/wp\/v2\/users\/3"}],"replies":[{"embeddable":true,"href":"https:\/\/www.diarioimagen.net\/index.php?rest_route=%2Fwp%2Fv2%2Fcomments&post=495219"}],"version-history":[{"count":0,"href":"https:\/\/www.diarioimagen.net\/index.php?rest_route=\/wp\/v2\/posts\/495219\/revisions"}],"wp:featuredmedia":[{"embeddable":true,"href":"https:\/\/www.diarioimagen.net\/index.php?rest_route=\/wp\/v2\/media\/495322"}],"wp:attachment":[{"href":"https:\/\/www.diarioimagen.net\/index.php?rest_route=%2Fwp%2Fv2%2Fmedia&parent=495219"}],"wp:term":[{"taxonomy":"category","embeddable":true,"href":"https:\/\/www.diarioimagen.net\/index.php?rest_route=%2Fwp%2Fv2%2Fcategories&post=495219"},{"taxonomy":"post_tag","embeddable":true,"href":"https:\/\/www.diarioimagen.net\/index.php?rest_route=%2Fwp%2Fv2%2Ftags&post=495219"}],"curies":[{"name":"wp","href":"https:\/\/api.w.org\/{rel}","templated":true}]}}