{"id":495246,"date":"2021-02-04T00:02:10","date_gmt":"2021-02-04T06:02:10","guid":{"rendered":"https:\/\/www.diarioimagen.net\/?p=495246"},"modified":"2021-02-04T03:34:36","modified_gmt":"2021-02-04T09:34:36","slug":"rechazan-reeleccion-de-laura-beristain-en-playa-del-carmen","status":"publish","type":"post","link":"https:\/\/www.diarioimagen.net\/?p=495246","title":{"rendered":"Rechazan reelecci\u00f3n de Laura Beristain en Playa del Carmen"},"content":{"rendered":"<p>&nbsp;<\/p>\n<ul>\n<li><strong><em>El martes pasado se registr\u00f3 como aspirante a la precandidatura por la presidencia municipal de Solidaridad por Morena<\/em><\/strong><\/li>\n<\/ul>\n<p>&nbsp;<\/p>\n<div id=\"attachment_495308\" style=\"width: 470px\" class=\"wp-caption aligncenter\"><a href=\"https:\/\/www.diarioimagen.net\/?attachment_id=495308\" rel=\"attachment wp-att-495308\"><img loading=\"lazy\" decoding=\"async\" aria-describedby=\"caption-attachment-495308\" class=\"size-full wp-image-495308\" src=\"https:\/\/www.diarioimagen.net\/wp-content\/uploads\/2021\/02\/laura.jpg\" alt=\"\" width=\"460\" height=\"270\" \/><\/a><p id=\"caption-attachment-495308\" class=\"wp-caption-text\">El domingo pasado aparecieron entre las avenidas 30 y 25, en la calle 84 de la colonia Colosio, adem\u00e1s de en la avenida Cig\u00fce\u00f1as y avenida B\u00fahos del fraccionamiento Villas del Sol, lonas publicitarias con la imagen de la alcaldesa\u00a0y el Presidente de la Rep\u00fablica.<\/p><\/div>\n<p>&nbsp;<\/p>\n<p><strong>Playa del Carmen.- <\/strong>El pasado 30 de enero el portal MX POL\u00cdTICO public\u00f3 un art\u00edculo que en sus encabezados dec\u00eda lo siguiente:<\/p>\n<p>\u00abUno de los pocos casos que justifican la reelecci\u00f3n de alcaldes. Es el caso de Laura Beristain, un interesante ejemplo de alcaldesa al servicio de los trabajadores del sector tur\u00edstico y servicios en Solidaridad, Quintana Roo\u00bb.<\/p>\n<p>Por lo anterior se hizo una encuesta entre ciudadanos solidarenses, v\u00eda <em>WhatsApp<\/em> por la pandemia, para no correr riesgos innecesarios porque el horno no est\u00e1 para bollos.<\/p>\n<p>Los encuestados sostuvieron que no quieren volver a tenerla como presidente municipal y no volver\u00edan a elegirla para ocupar el cargo de alcaldesa, ya que una de las preguntas que se formul\u00f3 fue si se consideraba que hab\u00eda hecho una buena obra durante su mandato.<\/p>\n<p>Sobre esa cuesti\u00f3n, la mayor\u00eda de los encuestados opin\u00f3 que no y otros m\u00e1s dijeron desconocer los resultados de su trabajo; en casos m\u00e1s extremos aseguraron no saber nada absolutamente de qui\u00e9n est\u00e1 al frente del ayuntamiento de Solidaridad, esto marcando completamente la desconexi\u00f3n del gobierno con la ciudadan\u00eda, la cual no ha notado un cambio significativo por las calles y colonias donde transitan, en lo que se refiere a seguridad, obra social y apoyos a la ciudadan\u00eda.<\/p>\n<p>De igual forma se pregunt\u00f3 si a trav\u00e9s de la representaci\u00f3n del partido Morena obtendr\u00eda el voto de los encuestados, pero estos de nueva cuenta volvieron a asegurar que no importa el color que represente ni el partido, no votar\u00edan por ella otra vez, ya que su manera de trabajar hasta el momento no ha marcado un cambio significativo en la ciudad, al contrario.<\/p>\n<p>Cabe se\u00f1alar que el domingo pasado aparecieron entre las avenidas 30 y 25, en la calle 84 de la colonia Colosio, adem\u00e1s de en la avenida Cig\u00fce\u00f1as y avenida B\u00fahos del fraccionamiento Villas del Sol, lonas publicitarias con la imagen de la alcaldesa y el presidente de la Rep\u00fablica, como empezando a buscar la aprobaci\u00f3n de la ciudadan\u00eda que como se ha visto a trav\u00e9s de la encuesta no est\u00e1 dispuesta a repetir la elecci\u00f3n, adem\u00e1s de que es un delito adelantar la propaganda electoral.<\/p>\n","protected":false},"excerpt":{"rendered":"<p>El pasado 30 de enero el portal MX POL\u00cdTICO public\u00f3 un art\u00edculo que en sus encabezados dec\u00eda lo siguiente: \u00abUno de los pocos casos que justifican la reelecci\u00f3n de alcaldes. Es el caso de Laura Beristain, un interesante ejemplo de alcaldesa al servicio de los trabajadores del sector tur\u00edstico y servicios en Solidaridad, Quintana Roo\u00bb.<\/p>\n","protected":false},"author":3,"featured_media":495308,"comment_status":"open","ping_status":"open","sticky":false,"template":"","format":"standard","meta":{"_monsterinsights_skip_tracking":false,"_monsterinsights_sitenote_active":false,"_monsterinsights_sitenote_note":"","_monsterinsights_sitenote_category":0,"footnotes":""},"categories":[3],"tags":[92320,20663,2771,1410],"class_list":["post-495246","post","type-post","status-publish","format-standard","has-post-thumbnail","hentry","category-nacional","tag-laura-beristain","tag-morena","tag-playa-del-carmen","tag-reeleccion"],"_links":{"self":[{"href":"https:\/\/www.diarioimagen.net\/index.php?rest_route=\/wp\/v2\/posts\/495246","targetHints":{"allow":["GET"]}}],"collection":[{"href":"https:\/\/www.diarioimagen.net\/index.php?rest_route=\/wp\/v2\/posts"}],"about":[{"href":"https:\/\/www.diarioimagen.net\/index.php?rest_route=\/wp\/v2\/types\/post"}],"author":[{"embeddable":true,"href":"https:\/\/www.diarioimagen.net\/index.php?rest_route=\/wp\/v2\/users\/3"}],"replies":[{"embeddable":true,"href":"https:\/\/www.diarioimagen.net\/index.php?rest_route=%2Fwp%2Fv2%2Fcomments&post=495246"}],"version-history":[{"count":0,"href":"https:\/\/www.diarioimagen.net\/index.php?rest_route=\/wp\/v2\/posts\/495246\/revisions"}],"wp:featuredmedia":[{"embeddable":true,"href":"https:\/\/www.diarioimagen.net\/index.php?rest_route=\/wp\/v2\/media\/495308"}],"wp:attachment":[{"href":"https:\/\/www.diarioimagen.net\/index.php?rest_route=%2Fwp%2Fv2%2Fmedia&parent=495246"}],"wp:term":[{"taxonomy":"category","embeddable":true,"href":"https:\/\/www.diarioimagen.net\/index.php?rest_route=%2Fwp%2Fv2%2Fcategories&post=495246"},{"taxonomy":"post_tag","embeddable":true,"href":"https:\/\/www.diarioimagen.net\/index.php?rest_route=%2Fwp%2Fv2%2Ftags&post=495246"}],"curies":[{"name":"wp","href":"https:\/\/api.w.org\/{rel}","templated":true}]}}