{"id":495362,"date":"2021-02-05T00:02:01","date_gmt":"2021-02-05T06:02:01","guid":{"rendered":"https:\/\/www.diarioimagen.net\/?p=495362"},"modified":"2021-02-05T04:25:21","modified_gmt":"2021-02-05T10:25:21","slug":"verifican-en-naucalpan-el-cumplimiento-de-medidas-en-reapertura-de-plazas-comerciales","status":"publish","type":"post","link":"https:\/\/www.diarioimagen.net\/?p=495362","title":{"rendered":"Verifican en Naucalpan el cumplimiento de medidas en reapertura de plazas comerciales"},"content":{"rendered":"<p>&nbsp;<\/p>\n<ul>\n<li><strong><em>Autoridades refuerzan vigilancia<\/em><\/strong><\/li>\n<\/ul>\n<p>&nbsp;<\/p>\n<div id=\"attachment_495521\" style=\"width: 470px\" class=\"wp-caption aligncenter\"><a href=\"https:\/\/www.diarioimagen.net\/?attachment_id=495521\" rel=\"attachment wp-att-495521\"><img loading=\"lazy\" decoding=\"async\" aria-describedby=\"caption-attachment-495521\" class=\"size-full wp-image-495521\" src=\"https:\/\/www.diarioimagen.net\/wp-content\/uploads\/2021\/02\/naucalpan-3.jpg\" alt=\"\" width=\"460\" height=\"270\" \/><\/a><p id=\"caption-attachment-495521\" class=\"wp-caption-text\">Elementos de Seguridad Ciudadana y Tr\u00e1nsito Municipal y de la Secretar\u00eda de Desarrollo Econ\u00f3mico desplegaron un operativo para verificar cumplimiento de las medidas sanitarias.<\/p><\/div>\n<p>&nbsp;<\/p>\n<p><strong>Naucalpan, Estado de M\u00e9xico<\/strong>.- Ante la reapertura de centros comerciales, unos 60 elementos de la Direcci\u00f3n General de Seguridad Ciudadana y Tr\u00e1nsito Municipal y unos 30 de la Secretar\u00eda de Desarrollo Econ\u00f3mico de Naucalpan desplegaron un operativo para asegurar el cumplimiento de las medidas sanitarias y reforzar la vigilancia.<\/p>\n<p>La movilizaci\u00f3n ocurri\u00f3 tras la autorizaci\u00f3n de las autoridades sanitarias del Gobierno del Estado de M\u00e9xico de abrir con ciertas restricciones plazas comerciales, tiendas departamentales, restaurantes, adem\u00e1s de actividades al aire libre.<\/p>\n<p>Los uniformados recorrieron algunos de los centros de comercio con mayor afluencia en la demarcaci\u00f3n, como Plaza Sat\u00e9lite, La C\u00faspide Sky Mall, Toreo Parque Central y la zona del Mexipuerto Cuatro Caminos. Vigilaron que los establecimientos acotaran el aforo de visitantes al 20 por ciento, tomaran la temperatura de la gente y brindaran gel antibacterial.<\/p>\n<p>Tambi\u00e9n revisaron que las personas portaran mascarillas, adoptaran el distanciamiento social y no saturaran las tiendas. Para sumar a las medidas seguidas por los locales, los polic\u00edas repartieron cubrebocas y dieron gel sanitizante.<\/p>\n<p>Por parte de la Secretar\u00eda de Desarrollo Econ\u00f3mico, alrededor de 30 elementos inspeccionan las 28 plazas y centros comerciales del territorio.<\/p>\n<p>El titular de la dependencia, Alfredo Vinalay Mora, inform\u00f3 que por instrucciones de la Presidenta Municipal, Patricia Dur\u00e1n Reveles, personal a su cargo realiza recorridos para supervisar el cumplimiento de los protocolos sanitarios en las unidades econ\u00f3micas.<\/p>\n<p>\u201cRevisamos que las condiciones de seguridad e higiene, como en los restaurantes, operen con un aforo del 30 por ciento en interiores y del 40 por ciento en exteriores, hasta las 8:00 de la noche.<\/p>\n<p>\u201cVerificamos que las plazas comerciales reabran de lunes a viernes hasta las 9:00 de la noche y que en todo momento se respeten las condiciones de salubridad, como el aforo en los negocios al 20 por ciento para asegurar que no haya contagios y disminuir la movilidad de la ciudadan\u00eda\u201d, dijo Vinalay Mora en el recorrido de Toreo Parque Central.<\/p>\n<p>El jefe de seguridad privada de Plaza Sat\u00e9lite, Jos\u00e9 Luis Mej\u00eda, asegur\u00f3 que la poblaci\u00f3n ha recibido con buena actitud y respeto las prevenciones recomendadas por las autoridades sanitarias.<\/p>\n<p>\u201cAntes del \u00faltimo cierre de la plaza, la gente era muy cerrada, muy atrabancada, nos dec\u00eda esto y lo otro, se quejaban de \u2018es que no dejan pasar\u2019, cerr\u00e1bamos a las 5:00 y a las 4:59 todav\u00eda estaban formados para entrar, pero ahorita ya como que todos entienden m\u00e1s\u201d, dijo.<\/p>\n<p>El inmueble, ubicado en el fraccionamiento Ciudad Sat\u00e9lite, cuenta con un aforo aproximado de 40 mil visitantes, pero debido al Sem\u00e1foro Epid\u00e9mico Rojo operar\u00e1 con una afluencia del 20 por ciento, asimismo, cada tienda del lugar limitar\u00e1 la cantidad de personas que puede entrar a su espacio.<\/p>\n<p>El pasado 29 de enero, el Gobernador del Estado de M\u00e9xico, Alfredo del Mazo Maza, anunci\u00f3 en sus redes sociales que a partir del 1 de febrero podr\u00edan reabrir centros comerciales, tiendas departamentales, comercio al por mayor y al por menor, as\u00ed como actividades deportivas y recreativas al aire libre. Durante los fines de semana, los establecimientos de comida solo podr\u00e1n ofrecer comida para llevar y las plazas deber\u00e1n cerrar.<\/p>\n","protected":false},"excerpt":{"rendered":"<p>Ante la reapertura de centros comerciales, unos 60 elementos de la Direcci\u00f3n General de Seguridad Ciudadana y Tr\u00e1nsito Municipal y unos 30 de la Secretar\u00eda de Desarrollo Econ\u00f3mico de Naucalpan desplegaron un operativo para asegurar el cumplimiento de las medidas sanitarias y reforzar la vigilancia.<\/p>\n","protected":false},"author":3,"featured_media":495521,"comment_status":"open","ping_status":"open","sticky":false,"template":"","format":"standard","meta":{"_monsterinsights_skip_tracking":false,"_monsterinsights_sitenote_active":false,"_monsterinsights_sitenote_note":"","_monsterinsights_sitenote_category":0,"footnotes":""},"categories":[5],"tags":[43675,970,69210],"class_list":["post-495362","post","type-post","status-publish","format-standard","has-post-thumbnail","hentry","category-estado-de-mexico","tag-estado-de-mexico","tag-naucalpan","tag-plazas-comerciales"],"_links":{"self":[{"href":"https:\/\/www.diarioimagen.net\/index.php?rest_route=\/wp\/v2\/posts\/495362","targetHints":{"allow":["GET"]}}],"collection":[{"href":"https:\/\/www.diarioimagen.net\/index.php?rest_route=\/wp\/v2\/posts"}],"about":[{"href":"https:\/\/www.diarioimagen.net\/index.php?rest_route=\/wp\/v2\/types\/post"}],"author":[{"embeddable":true,"href":"https:\/\/www.diarioimagen.net\/index.php?rest_route=\/wp\/v2\/users\/3"}],"replies":[{"embeddable":true,"href":"https:\/\/www.diarioimagen.net\/index.php?rest_route=%2Fwp%2Fv2%2Fcomments&post=495362"}],"version-history":[{"count":0,"href":"https:\/\/www.diarioimagen.net\/index.php?rest_route=\/wp\/v2\/posts\/495362\/revisions"}],"wp:featuredmedia":[{"embeddable":true,"href":"https:\/\/www.diarioimagen.net\/index.php?rest_route=\/wp\/v2\/media\/495521"}],"wp:attachment":[{"href":"https:\/\/www.diarioimagen.net\/index.php?rest_route=%2Fwp%2Fv2%2Fmedia&parent=495362"}],"wp:term":[{"taxonomy":"category","embeddable":true,"href":"https:\/\/www.diarioimagen.net\/index.php?rest_route=%2Fwp%2Fv2%2Fcategories&post=495362"},{"taxonomy":"post_tag","embeddable":true,"href":"https:\/\/www.diarioimagen.net\/index.php?rest_route=%2Fwp%2Fv2%2Ftags&post=495362"}],"curies":[{"name":"wp","href":"https:\/\/api.w.org\/{rel}","templated":true}]}}