{"id":495368,"date":"2021-02-05T00:07:14","date_gmt":"2021-02-05T06:07:14","guid":{"rendered":"https:\/\/www.diarioimagen.net\/?p=495368"},"modified":"2021-02-07T22:00:34","modified_gmt":"2021-02-08T04:00:34","slug":"pone-en-marcha-del-mazo-programa-proyectos-de-fomento-al-autoempleo","status":"publish","type":"post","link":"https:\/\/www.diarioimagen.net\/?p=495368","title":{"rendered":"Pone en marcha Del Mazo programa proyectos de fomento al autoempleo"},"content":{"rendered":"<p>&nbsp;<\/p>\n<ul>\n<li><strong><em>En apoyo a peque\u00f1os comercios, ante crisis<\/em><\/strong><\/li>\n<\/ul>\n<p><strong>\u00a0<\/strong><\/p>\n<div id=\"attachment_495473\" style=\"width: 470px\" class=\"wp-caption aligncenter\"><a href=\"https:\/\/www.diarioimagen.net\/?attachment_id=495473\" rel=\"attachment wp-att-495473\"><img loading=\"lazy\" decoding=\"async\" aria-describedby=\"caption-attachment-495473\" class=\"size-full wp-image-495473\" src=\"https:\/\/www.diarioimagen.net\/wp-content\/uploads\/2021\/02\/DEL-MAZO5a.jpg\" alt=\"\" width=\"460\" height=\"270\" \/><\/a><p id=\"caption-attachment-495473\" class=\"wp-caption-text\">Entrega Alfredo Del Mazo apoyos a panader\u00edas, talleres de costura, carpinter\u00edas y otros comercios que acceder\u00e1n a beneficios de hasta 25 mil pesos, maquinaria o equipo para afrontar crisis por la pandemia.<\/p><\/div>\n<p>&nbsp;<\/p>\n<p><strong>Coacalco, Estado de M\u00e9xico.- <\/strong>\u00a0Para respaldar a la econom\u00eda de las familias mexiquenses afectadas en sus negocios debido a la actual emergencia sanitaria, el gobernador Alfredo Del Mazo Maza puso en marcha el Programa Proyectos de Fomento al Autoempleo, que\u00a0 beneficiar\u00e1 a m\u00e1s de 4 mil 800 familias en los pr\u00f3ximos meses, con apoyos de hasta 25 mil pesos, equipamiento, herramienta o maquinaria.<\/p>\n<p>Al hacer las primeras entregas de este programa a propietarias y propietarios de panader\u00edas, herrer\u00edas, cocinas econ\u00f3micas o talleres de costura, el mandatario estatal enfatiz\u00f3 que este respaldo llegar\u00e1 a peque\u00f1os comercios de los 125 municipios del Edom\u00e9x, y que cuenta con una inversi\u00f3n de 120 millones de pesos.<\/p>\n<p>\u00abAs\u00ed como cuidamos la salud tambi\u00e9n queremos cuidar la econom\u00eda de las familias y apoyarla, y una forma de hacerlo es con este Programa de Fomento al Autoempleo, este programa que apoya a las familias; en especie, con maquinaria, con herramientas, con equipo para crecer sus negocios, para poner su propio negocio o un nuevo negocio.<\/p>\n<p>\u00abDurante los pr\u00f3ximos tres meses vamos a estar apoyando con m\u00e1s de 120 millones de pesos; de entrega de equipo, de maquinaria, de herramienta para ayudar a muchas familias de los 125 municipios del Estado de M\u00e9xico\u00bb, explic\u00f3.<\/p>\n<p>Del Mazo Maza consider\u00f3 fundamental mantener activos y apoyar a los peque\u00f1os negocios, ya que son los que generan la mayor\u00eda de los empleos en el\u00a0 estado y en el pa\u00eds, y los cuales se han visto afectados a causa de la pandemia, llegando a cerrar e, incluso, a vender su maquinaria para lograr afrontar la complicada situaci\u00f3n.<\/p>\n<p>En el plantel de la Escuela de Artes y Oficios de Coacalco, ante el alcalde de este municipio, Darwin Eslava Gami\u00f1o, beneficiarias y beneficiarios de Tultepec, Tultitl\u00e1n y Coacalco, el Gobernador puntualiz\u00f3 que, adem\u00e1s del apoyo econ\u00f3mico y en especie que se otorgar\u00e1 a los peque\u00f1os comercios, el programa Proyectos de Fomento al Autoempleo tambi\u00e9n tiene la ventaja de capacitaciones en l\u00ednea, con cursos enfocados en ayudar a una buena administraci\u00f3n de negocios, contabilidad, mercadotecnia o t\u00e9cnicas de venta, que promuevan los productos y sean un paso m\u00e1s para ir retomando la actividad econ\u00f3mica y apoyar a las familias.<\/p>\n<p>Por ello, el mandatario mexiquense invit\u00f3 a los interesados a acercarse a la Secretar\u00eda del Trabajo que, a trav\u00e9s del ICATI, ofrece una amplia oferta de capacitaciones a distancia, el cual es un trabajo que se ha realizado durante el periodo de pandemia y continuar\u00e1 adapt\u00e1ndose a las necesidades del presente.<\/p>\n<p>Del Mazo Maza consider\u00f3 que este programa es una de las formas en las que su administraci\u00f3n respalda la econom\u00eda de las familias, y anticip\u00f3 que seguir\u00e1n implementando este tipo de estrategias en la entidad, para que en esta circunstancia tan dif\u00edcil se logre rescatar a la econom\u00eda y a los peque\u00f1os negocios.<\/p>\n<p>Asimismo, reiter\u00f3 que debido al alto riesgo de contagio de Covid-19, el Estado de M\u00e9xico contin\u00faa en sem\u00e1foro rojo, y recalc\u00f3 la importancia de mantener las medidas sanitarias preventivas, ya que a pesar de la circunstancias se determin\u00f3 reabrir algunos negocios porque es indispenble fomentar el dinamismo de la econom\u00eda en el estado.<\/p>\n<p>\u00abPensando y teniendo claro esa importancia de apoyar a la econom\u00eda familiar, es que hoy en d\u00eda, a pesar de que seguimos en una circunstancia dif\u00edcil en cuanto a la pandemia, con un alto riesgo de contagio todav\u00eda, estamos en sem\u00e1foro rojo, es que hemos decidido que las actividades vayan retom\u00e1ndose poco a poco, con muchas medidas de prevenci\u00f3n, con mucha precauci\u00f3n para cuidar la salud, pero para ir retomando estas actividades y apoyar a la econom\u00eda de las familias\u00bb, extern\u00f3.<\/p>\n","protected":false},"excerpt":{"rendered":"<p>Para respaldar a la econom\u00eda de las familias mexiquenses afectadas en sus negocios debido a la actual emergencia sanitaria, el gobernador Alfredo Del Mazo Maza puso en marcha el Programa Proyectos de Fomento al Autoempleo, que\u00a0 beneficiar\u00e1 a m\u00e1s de 4 mil 800 familias en los pr\u00f3ximos meses, con apoyos de hasta 25 mil pesos, equipamiento, herramienta o maquinaria.<\/p>\n","protected":false},"author":3,"featured_media":495473,"comment_status":"open","ping_status":"open","sticky":false,"template":"","format":"standard","meta":{"_monsterinsights_skip_tracking":false,"_monsterinsights_sitenote_active":false,"_monsterinsights_sitenote_note":"","_monsterinsights_sitenote_category":0,"footnotes":""},"categories":[5],"tags":[2505,52808,579,43675],"class_list":["post-495368","post","type-post","status-publish","format-standard","has-post-thumbnail","hentry","category-estado-de-mexico","tag-alfredo-del-mazo-maza","tag-autoempleo","tag-coacalco","tag-estado-de-mexico"],"_links":{"self":[{"href":"https:\/\/www.diarioimagen.net\/index.php?rest_route=\/wp\/v2\/posts\/495368","targetHints":{"allow":["GET"]}}],"collection":[{"href":"https:\/\/www.diarioimagen.net\/index.php?rest_route=\/wp\/v2\/posts"}],"about":[{"href":"https:\/\/www.diarioimagen.net\/index.php?rest_route=\/wp\/v2\/types\/post"}],"author":[{"embeddable":true,"href":"https:\/\/www.diarioimagen.net\/index.php?rest_route=\/wp\/v2\/users\/3"}],"replies":[{"embeddable":true,"href":"https:\/\/www.diarioimagen.net\/index.php?rest_route=%2Fwp%2Fv2%2Fcomments&post=495368"}],"version-history":[{"count":0,"href":"https:\/\/www.diarioimagen.net\/index.php?rest_route=\/wp\/v2\/posts\/495368\/revisions"}],"wp:featuredmedia":[{"embeddable":true,"href":"https:\/\/www.diarioimagen.net\/index.php?rest_route=\/wp\/v2\/media\/495473"}],"wp:attachment":[{"href":"https:\/\/www.diarioimagen.net\/index.php?rest_route=%2Fwp%2Fv2%2Fmedia&parent=495368"}],"wp:term":[{"taxonomy":"category","embeddable":true,"href":"https:\/\/www.diarioimagen.net\/index.php?rest_route=%2Fwp%2Fv2%2Fcategories&post=495368"},{"taxonomy":"post_tag","embeddable":true,"href":"https:\/\/www.diarioimagen.net\/index.php?rest_route=%2Fwp%2Fv2%2Ftags&post=495368"}],"curies":[{"name":"wp","href":"https:\/\/api.w.org\/{rel}","templated":true}]}}