{"id":495391,"date":"2021-02-05T00:06:50","date_gmt":"2021-02-05T06:06:50","guid":{"rendered":"https:\/\/www.diarioimagen.net\/?p=495391"},"modified":"2021-02-07T22:00:22","modified_gmt":"2021-02-08T04:00:22","slug":"uaem-asumio-presidencia-del-comite-de-registro-de-testigos-sociales","status":"publish","type":"post","link":"https:\/\/www.diarioimagen.net\/?p=495391","title":{"rendered":"UAEM asumi\u00f3 presidencia del Comit\u00e9 de Registro de Testigos Sociales"},"content":{"rendered":"<p>&nbsp;<\/p>\n<ul>\n<li><strong><em>El rector Alfredo Barrera Baca afirm\u00f3 que los mexiquenses estamos cada vez m\u00e1s comprometidos con la vigilancia proactiva del manejo, aplicaci\u00f3n y destino de los fondos p\u00fablicos<\/em><\/strong><\/li>\n<\/ul>\n<p><strong>\u00a0<\/strong><\/p>\n<div id=\"attachment_495470\" style=\"width: 470px\" class=\"wp-caption aligncenter\"><a href=\"https:\/\/www.diarioimagen.net\/?attachment_id=495470\" rel=\"attachment wp-att-495470\"><img loading=\"lazy\" decoding=\"async\" aria-describedby=\"caption-attachment-495470\" class=\"size-full wp-image-495470\" src=\"https:\/\/www.diarioimagen.net\/wp-content\/uploads\/2021\/02\/UaemRector-3.jpg\" alt=\"\" width=\"460\" height=\"270\" \/><\/a><p id=\"caption-attachment-495470\" class=\"wp-caption-text\">El rector de la UAEM, Alfredo Barrera, expres\u00f3 que los testigos sociales son un instrumento poderoso para fortalecer c\u00f3digos \u00e9ticos.<\/p><\/div>\n<p>&nbsp;<\/p>\n<p><strong>Toluca, Estado de M\u00e9xico.\u2013 <\/strong>Para materializar la transparencia, los mexiquenses estamos cada vez m\u00e1s comprometidos con la vigilancia proactiva del manejo, aplicaci\u00f3n y destino de los fondos p\u00fablicos, asegur\u00f3 el rector de la Universidad Aut\u00f3noma del Estado de M\u00e9xico, Alfredo Barrera Baca, al tomar protesta como presidente del Comit\u00e9 de Registro de Testigos Sociales del Estado de M\u00e9xico.<\/p>\n<p>Al encabezar por tercera ocasi\u00f3n las labores de dicho comit\u00e9, integrado por representantes del Instituto de Transparencia, Acceso a la Informaci\u00f3n P\u00fablica y Protecci\u00f3n de Datos Personales del Estado de M\u00e9xico y Municipios (Infoem) y la UAEM, Alfredo Barrera expres\u00f3 que los testigos sociales son un instrumento poderoso para fortalecer c\u00f3digos \u00e9ticos que deben subyacer en cada procedimiento adquisitivo de las instituciones.<\/p>\n<p>En la reuni\u00f3n virtual en la que se dio cita la comisionada presidenta del Infoem, Zulema Mart\u00ednez S\u00e1nchez, Alfredo Barrera ofreci\u00f3 su m\u00e1ximo esfuerzo para transferir la experiencia universitaria y sumar transparencia en beneficio del empresariado, que anhela competir con limpieza, y los ciudadanos, que exigen reglas claras en los procedimientos de contrataci\u00f3n p\u00fablica.<\/p>\n<p>\u201cSeguiremos puliendo los instrumentos para registrar a las personas f\u00edsicas o colectivas que deseen participar en los asuntos p\u00fablicos, aportando calidad humana al observar las contrataciones p\u00fablicas que abren las dependencias del gobierno de la entidad\u201d, puntualiz\u00f3 Alfredo Barrera Baca.<\/p>\n<p>Al rendir el informe de actividades durante el a\u00f1o que estuvo a cargo del Comit\u00e9 de Registro de Testigos Sociales, Zulema Mart\u00ednez destac\u00f3 que esta instancia es un claro reflejo del avance logrado en la entidad en materia de transparencia.<\/p>\n<p>Luego de reconocer a la UAEM como gran aliado en el acceso a la informaci\u00f3n, afirm\u00f3 que a una d\u00e9cada de su implementaci\u00f3n, la figura de testigo social surge para fortalecer el mecanismo de participaci\u00f3n ciudadana, con la finalidad de prevenir riesgos de opacidad y corrupci\u00f3n, as\u00ed como detectar conductas irregulares o faltas administrativas en los procedimientos de contrataci\u00f3n p\u00fablica.<\/p>\n","protected":false},"excerpt":{"rendered":"<p>Para materializar la transparencia, los mexiquenses estamos cada vez m\u00e1s comprometidos con la vigilancia proactiva del manejo, aplicaci\u00f3n y destino de los fondos p\u00fablicos, asegur\u00f3 el rector de la Universidad Aut\u00f3noma del Estado de M\u00e9xico, Alfredo Barrera Baca, al tomar protesta como presidente del Comit\u00e9 de Registro de Testigos Sociales del Estado de M\u00e9xico.\u00a0<\/p>\n","protected":false},"author":3,"featured_media":495470,"comment_status":"open","ping_status":"open","sticky":false,"template":"","format":"standard","meta":{"_monsterinsights_skip_tracking":false,"_monsterinsights_sitenote_active":false,"_monsterinsights_sitenote_note":"","_monsterinsights_sitenote_category":0,"footnotes":""},"categories":[5],"tags":[43675,452,1491],"class_list":["post-495391","post","type-post","status-publish","format-standard","has-post-thumbnail","hentry","category-estado-de-mexico","tag-estado-de-mexico","tag-toluca","tag-uaem"],"_links":{"self":[{"href":"https:\/\/www.diarioimagen.net\/index.php?rest_route=\/wp\/v2\/posts\/495391","targetHints":{"allow":["GET"]}}],"collection":[{"href":"https:\/\/www.diarioimagen.net\/index.php?rest_route=\/wp\/v2\/posts"}],"about":[{"href":"https:\/\/www.diarioimagen.net\/index.php?rest_route=\/wp\/v2\/types\/post"}],"author":[{"embeddable":true,"href":"https:\/\/www.diarioimagen.net\/index.php?rest_route=\/wp\/v2\/users\/3"}],"replies":[{"embeddable":true,"href":"https:\/\/www.diarioimagen.net\/index.php?rest_route=%2Fwp%2Fv2%2Fcomments&post=495391"}],"version-history":[{"count":0,"href":"https:\/\/www.diarioimagen.net\/index.php?rest_route=\/wp\/v2\/posts\/495391\/revisions"}],"wp:featuredmedia":[{"embeddable":true,"href":"https:\/\/www.diarioimagen.net\/index.php?rest_route=\/wp\/v2\/media\/495470"}],"wp:attachment":[{"href":"https:\/\/www.diarioimagen.net\/index.php?rest_route=%2Fwp%2Fv2%2Fmedia&parent=495391"}],"wp:term":[{"taxonomy":"category","embeddable":true,"href":"https:\/\/www.diarioimagen.net\/index.php?rest_route=%2Fwp%2Fv2%2Fcategories&post=495391"},{"taxonomy":"post_tag","embeddable":true,"href":"https:\/\/www.diarioimagen.net\/index.php?rest_route=%2Fwp%2Fv2%2Ftags&post=495391"}],"curies":[{"name":"wp","href":"https:\/\/api.w.org\/{rel}","templated":true}]}}