{"id":495401,"date":"2021-02-05T00:08:25","date_gmt":"2021-02-05T06:08:25","guid":{"rendered":"https:\/\/www.diarioimagen.net\/?p=495401"},"modified":"2021-02-05T01:08:54","modified_gmt":"2021-02-05T07:08:54","slug":"los-priistas-llenando-las-carceles","status":"publish","type":"post","link":"https:\/\/www.diarioimagen.net\/?p=495401","title":{"rendered":"Los priistas, llenando las c\u00e1rceles"},"content":{"rendered":"<h2>Detr\u00e1s del Poder<\/h2>\n<h5>Jos\u00e9 Antonio L\u00f3pez Sosa<\/h5>\n<p>&nbsp;<\/p>\n<p>Lo que en aquel lejano 2012 se denomin\u00f3 \u201cel nuevo PRI\u201d, como una generaci\u00f3n nueva del Partido Revolucionario Institucional, prometiendo modernidad y desarrollo al pa\u00eds, es ahora un creciente grupo de hombres encarcelados, algunos sentenciados y otros en espera de juicios por todo tipo de delitos, evidentemente cometidos en el ejercicio de sus funciones y como militantes del PRI.<\/p>\n<p>El \u00faltimo que llega a engalanar la lista es Mario Mar\u00edn, ex gobernador de Puebla, que si bien es de una etapa previa al anuncio de ese nuevo PRI, se mantuvo en las filas del partido, incluso hasta las elecciones de 2018, con distintas tareas asignadas. Ya en 2019, luego de las ordenes de aprehensi\u00f3n giradas, el PRI decidi\u00f3 comenzar con un proceso de expulsi\u00f3n de sus filas, pero hasta entonces.<\/p>\n<p>Podemos recorrer el pa\u00eds al hablar de ex gobernadores priistas presos, desde Quintana Roo con Roberto Borge del nuevo PRI y el excarcelado Mario Villanueva del viejo PRI; en Veracruz, Javier Duarte de Ochoa; en Chihuahua, C\u00e9sar Duarte; en Tamaulipas, Tom\u00e1s Yarrington.<\/p>\n<p>En Nayarit, el ex gobernador priista Roberto Sandoval es pr\u00f3fugo de la justicia. En el caso de Nuevo Le\u00f3n, la justicia fue ben\u00e9vola con Rodrigo Medina, otro connotado pri\u00edsta. En Tabasco, Andr\u00e9s Granier -tambi\u00e9n priista- estuvo preso por algunos a\u00f1os por evasi\u00f3n fiscal y otros delitos. En Michoac\u00e1n, Fausto Vallejo renunci\u00f3 antes que le explotara el esc\u00e1ndalo por nexos con la delincuencia organizada.<\/p>\n<p>As\u00ed, entre el nuevo y viejo PRI, las c\u00e1rceles se llenan, de entrada y salida con ex gobernadores que no hicieron m\u00e1s que saquear y delinquir.<\/p>\n<p>Con esto no quiero decir que la situaci\u00f3n pol\u00edtica actual con Morena en el poder sea la mejor, esperemos que no haya en el futuro ex gobernadores morenistas encarcelados, como s\u00ed los hay del Revolucionario Institucional.<\/p>\n<p>Ahora bien, \u00bfqu\u00e9 ha hecho el PRI para quitarse esas machas?, \u00a1nada!, buscar aliarse con el Partido Acci\u00f3n Nacional (PAN) y tratar de librar las acusaciones contra algunos integrantes del gabinete presidencial del sexenio anterior.<\/p>\n<p>Caray, \u00a1qu\u00e9 bonito partido!<\/p>\n<p><em><a href=\"http:\/\/www.lopezsosa.com\" target=\"_blank\" rel=\"noopener\">www.lopezsosa.com<\/a><\/em><br \/>\n<em><a href=\"mailto:joseantonio@lopezsosa.com\" target=\"_blank\" rel=\"noopener\">joseantonio@lopezsosa.com<\/a><\/em><br \/>\n<em><a href=\"http:\/\/twitter.com\/joseantonio1977\" target=\"_blank\" rel=\"noopener\">@joseantonio197<\/a><\/em><\/p>\n","protected":false},"excerpt":{"rendered":"<p><span style=\"color: #005497;\"><strong>Jos\u00e9 Antonio L\u00f3pez Sosa<\/strong><\/span><\/p>\n","protected":false},"author":3,"featured_media":0,"comment_status":"open","ping_status":"open","sticky":false,"template":"","format":"standard","meta":{"_monsterinsights_skip_tracking":false,"_monsterinsights_sitenote_active":false,"_monsterinsights_sitenote_note":"","_monsterinsights_sitenote_category":0,"footnotes":""},"categories":[637],"tags":[638,43690,43674],"class_list":["post-495401","post","type-post","status-publish","format-standard","hentry","category-jose-antonio-lopez-sosa","tag-detras-del-poder","tag-jose-antonio-lopez-sosa","tag-opinion"],"_links":{"self":[{"href":"https:\/\/www.diarioimagen.net\/index.php?rest_route=\/wp\/v2\/posts\/495401","targetHints":{"allow":["GET"]}}],"collection":[{"href":"https:\/\/www.diarioimagen.net\/index.php?rest_route=\/wp\/v2\/posts"}],"about":[{"href":"https:\/\/www.diarioimagen.net\/index.php?rest_route=\/wp\/v2\/types\/post"}],"author":[{"embeddable":true,"href":"https:\/\/www.diarioimagen.net\/index.php?rest_route=\/wp\/v2\/users\/3"}],"replies":[{"embeddable":true,"href":"https:\/\/www.diarioimagen.net\/index.php?rest_route=%2Fwp%2Fv2%2Fcomments&post=495401"}],"version-history":[{"count":0,"href":"https:\/\/www.diarioimagen.net\/index.php?rest_route=\/wp\/v2\/posts\/495401\/revisions"}],"wp:attachment":[{"href":"https:\/\/www.diarioimagen.net\/index.php?rest_route=%2Fwp%2Fv2%2Fmedia&parent=495401"}],"wp:term":[{"taxonomy":"category","embeddable":true,"href":"https:\/\/www.diarioimagen.net\/index.php?rest_route=%2Fwp%2Fv2%2Fcategories&post=495401"},{"taxonomy":"post_tag","embeddable":true,"href":"https:\/\/www.diarioimagen.net\/index.php?rest_route=%2Fwp%2Fv2%2Ftags&post=495401"}],"curies":[{"name":"wp","href":"https:\/\/api.w.org\/{rel}","templated":true}]}}