{"id":495419,"date":"2021-02-05T00:04:26","date_gmt":"2021-02-05T06:04:26","guid":{"rendered":"https:\/\/www.diarioimagen.net\/?p=495419"},"modified":"2021-02-05T01:41:51","modified_gmt":"2021-02-05T07:41:51","slug":"necedad-destructiva","status":"publish","type":"post","link":"https:\/\/www.diarioimagen.net\/?p=495419","title":{"rendered":"Necedad destructiva"},"content":{"rendered":"<h2>Perfil de M\u00e9xico<\/h2>\n<h5>Armando R\u00edos Ruiz<\/h5>\n<p>&nbsp;<\/p>\n<p>\u00bfQu\u00e9 prurito mueve al Presidente a acabar, a desechar, a aniquilar las energ\u00edas renovables y mantener las tradicionales, las que envenenan el ambiente y al mismo ser humano, cuando las primeras resultan m\u00e1s baratas a quien las compra, al gobierno y al mismo usuario final?<\/p>\n<p>Est\u00e1 empecinado a darles sepultura en un momento en que todo el mundo busca sustituir los productos f\u00f3siles, que en la combusti\u00f3n emiten di\u00f3xido de carbono, un gas de efecto invernadero altamente contaminante, que da\u00f1a la salud de los seres vivos.<\/p>\n<p>Si en este rubro -como en todos- es igualmente ignorante, como en el de econom\u00eda, en el de seguridad, en el de historia que es supuestamente su fuerte, por mencionar s\u00f3lo algunos, la intuici\u00f3n, el sentido com\u00fan deber\u00edan servirle de algo. Si los pa\u00edses m\u00e1s avanzados y otros que no lo son, pugnan por cambiar las tradicionales por las modernas, entonces \u00bfpor qu\u00e9 luchar contra la corriente?<\/p>\n<p>En plena recuperaci\u00f3n de sus facultades, acaba de enviar a la C\u00e1mara de Diputados una iniciativa preferente de reforma a la Ley de la Industria El\u00e9ctrica, para limitar la generaci\u00f3n privada de energ\u00edas renovables y dar prioridad a la Comisi\u00f3n Federal de Electricidad, dizque para proteger la integridad de la ley el\u00e9ctrica, a un costo demasiado alto para el gobierno y para los mexicanos.<\/p>\n<p>Para variar, la decisi\u00f3n parece obedecer a un capricho m\u00e1s, porque desde hace varios a\u00f1os, durante la llamada \u00e9poca neoliberal, se ha luchado por imponer en M\u00e9xico los dispositivos necesarios para crear energ\u00eda renovable, que afecta mucho menos la salud y el bolsillo del consumidor.<\/p>\n<p>De acuerdo con Greenpeace, el megavatio\/hora promedio de un proveedor intermitente se vendi\u00f3 en 60 pesos, en tanto que las empresas que queman combustibles f\u00f3siles, como la Comisi\u00f3n Federal de Electricidad, vend\u00eda un megavatio\/hora en 138 pesos.<\/p>\n<p>\u201cEn la \u00faltima subasta de energ\u00eda renovable del pa\u00eds, en 2017, el precio promedio de 16 ofertas fue de s\u00f3lo 20 pesos por megavatio\/hora. El analista de Bloomberg NEF, James Ellis, dice que si bien los consumidores pueden estar \u2018protegidos\u2019 de los aumentos de tarifas reales, ya que las tasas son bajas y altamente subsidiadas, el gobierno y, por lo tanto los contribuyentes, est\u00e1n en una mala situaci\u00f3n por el costo final\u201d.<\/p>\n<p>De acuerdo con expertos, existe un empecinamiento presidencial en imponer las energ\u00edas sucias y acabar con las renovables, para proteger a la Comisi\u00f3n Federal de Electricidad. Pero el capricho cae en el absurdo y en la ceguera, s\u00f3lo por imponer una ley: la suya.<\/p>\n<p>Otro argumento expuesto por el Ejecutivo, es que en \u00e9poca de Carlos Salinas, se entregaron contratos a particulares para iniciar la privatizaci\u00f3n de la energ\u00eda, de manera fraudulenta. Desde luego, eso tiene remedio si los casos se llevan a los tribunales y se impone la sanci\u00f3n correspondiente. Desgraciadamente s\u00f3lo hay quejas. No denuncias. Mucho menos castigos.<\/p>\n<p>En Presidente est\u00e1 pues empecinado en remar al rev\u00e9s. En ir en sentido contrario. En llevar a M\u00e9xico al pasado setentero, en momentos en que el Acuerdo de Par\u00eds establece planes para modernizar la producci\u00f3n de energ\u00edas con la finalidad de acabar con el calentamiento global que derrite al planeta, al que pa\u00edses como China, Estados Unidos y muchos m\u00e1s, se han plegado.<\/p>\n<p>\u00bfExiste alguna necesidad de contradecir? \u201cEn el mundo de los negocios, las finanzas sustentables empiezan ya a presionar a los mercados. El mensaje de los inversionistas ahora es \u201cnos preocupa, ya no estamos convencidos de seguir financiando actividades que contaminan, espec\u00edficamente la industria del oil &amp; gas\u201d, afirm\u00f3 la experta en temas energ\u00e9ticos Rosanety Barrios Beltr\u00e1n\u201d.<\/p>\n<p>En fin. La necedad destructiva se ha empe\u00f1ado en sostener su equipo arcaico, que ya deber\u00eda haber sido vendido como fierro viejo. Pero parece existir un empe\u00f1o enfermizo por envenenar lo m\u00e1s posible nuestro ambiente.<\/p>\n<p><a href=\"mailto:ariosruiz@gmail.com\" target=\"_blank\" rel=\"noopener noreferrer\"><em>ariosruiz@gmail.com<\/em><\/a><\/p>\n","protected":false},"excerpt":{"rendered":"<p><span style=\"color: #005497;\"><strong>Armando R\u00edos Ruiz<\/strong><\/span><\/p>\n","protected":false},"author":3,"featured_media":0,"comment_status":"open","ping_status":"open","sticky":false,"template":"","format":"standard","meta":{"_monsterinsights_skip_tracking":false,"_monsterinsights_sitenote_active":false,"_monsterinsights_sitenote_note":"","_monsterinsights_sitenote_category":0,"footnotes":""},"categories":[88405],"tags":[88407,43674,91193],"class_list":["post-495419","post","type-post","status-publish","format-standard","hentry","category-armando-rios-ruiz","tag-armando-rios-ruiz","tag-opinion","tag-perfil-de-mexico"],"_links":{"self":[{"href":"https:\/\/www.diarioimagen.net\/index.php?rest_route=\/wp\/v2\/posts\/495419","targetHints":{"allow":["GET"]}}],"collection":[{"href":"https:\/\/www.diarioimagen.net\/index.php?rest_route=\/wp\/v2\/posts"}],"about":[{"href":"https:\/\/www.diarioimagen.net\/index.php?rest_route=\/wp\/v2\/types\/post"}],"author":[{"embeddable":true,"href":"https:\/\/www.diarioimagen.net\/index.php?rest_route=\/wp\/v2\/users\/3"}],"replies":[{"embeddable":true,"href":"https:\/\/www.diarioimagen.net\/index.php?rest_route=%2Fwp%2Fv2%2Fcomments&post=495419"}],"version-history":[{"count":0,"href":"https:\/\/www.diarioimagen.net\/index.php?rest_route=\/wp\/v2\/posts\/495419\/revisions"}],"wp:attachment":[{"href":"https:\/\/www.diarioimagen.net\/index.php?rest_route=%2Fwp%2Fv2%2Fmedia&parent=495419"}],"wp:term":[{"taxonomy":"category","embeddable":true,"href":"https:\/\/www.diarioimagen.net\/index.php?rest_route=%2Fwp%2Fv2%2Fcategories&post=495419"},{"taxonomy":"post_tag","embeddable":true,"href":"https:\/\/www.diarioimagen.net\/index.php?rest_route=%2Fwp%2Fv2%2Ftags&post=495419"}],"curies":[{"name":"wp","href":"https:\/\/api.w.org\/{rel}","templated":true}]}}