{"id":495422,"date":"2021-02-05T00:03:13","date_gmt":"2021-02-05T06:03:13","guid":{"rendered":"https:\/\/www.diarioimagen.net\/?p=495422"},"modified":"2021-02-05T01:43:56","modified_gmt":"2021-02-05T07:43:56","slug":"redes-sociales-de-benditas-al-control","status":"publish","type":"post","link":"https:\/\/www.diarioimagen.net\/?p=495422","title":{"rendered":"Redes sociales, de benditas al control\u00a0"},"content":{"rendered":"<h2>Centro..!<\/h2>\n<h5>Arturo R\u00edos Ruiz<\/h5>\n<p><em>\u00a0<\/em><\/p>\n<ul>\n<li><strong><em>AMLO se quej\u00f3 primero<\/em><\/strong><\/li>\n<li><strong><em>Y Monreal afila machetes\u00a0<\/em><\/strong><\/li>\n<\/ul>\n<p>&nbsp;<\/p>\n<p>El 1 de julio del 2018, euf\u00f3rico el Presidente expres\u00f3 con fulgor; \u201cEjemplar la pluralidad y el profesionalismo de la prensa, la radio y la televisi\u00f3n. Los medios de informaci\u00f3n no fueron, como en otras ocasiones, correas de transmisi\u00f3n para la guerra sucia. Tambi\u00e9n mi gratitud a las benditas redes sociales\u201d.<\/p>\n<p>El 4 mayo, 2020, El presidente\u00a0indic\u00f3 que pedir\u00eda a las principales redes sociales rendici\u00f3n de cuentas<strong>\u00a0<\/strong>acerca de la compra de publicidad y el uso de <em>bots<\/em>, se dirigi\u00f3 a Twitter y Facebook. Dos a\u00f1os despu\u00e9s de haberlas ensalzado.<\/p>\n<p>L\u00f3pez Obrador llam\u00f3 a la poblaci\u00f3n a no agitarse por las cr\u00edticas a su gobierno en redes sociales, que consider\u00f3, son orquestadas por intereses creados. Prueba de la incomodidad que le causan los se\u00f1alamientos a sus ocurrencias y desplantes de toda laya desde la ma\u00f1anera, fuente de agravios a quien se le atraviese.<\/p>\n<p>El 7 de mayo de 2020, afirm\u00f3 el coordinador Ricardo Monreal que la bancada de Morena en el Senado no ten\u00eda iniciativas ni inter\u00e9s por regular las redes sociales, ni ahorita ni en el corto plazo, con el fin de regular a los llamados <em>bots<\/em> y se garanticen pr\u00e1cticas de transparencia en estos medios digitales.<\/p>\n<p>Ayer, se asegur\u00f3 que podr\u00eda ser esta semana, despu\u00e9s de sostener reuniones con ejecutivos de\u00a0Twitter\u00a0y\u00a0Facebook, que el senador\u00a0Ricardo Monreal<strong>\u00a0<\/strong>presente su iniciativa de reforma a la\u00a0Ley de Telecomunicaciones y Radiodifusi\u00f3n\u00a0para\u00a0regular las redes sociales Es clara la <em>l\u00ednea<\/em> presidencial.<\/p>\n<p>No son nada nuevos los dislates en posicionamientos de personajes de la actual administraci\u00f3n; seguido, el propio Presidente los comete y causan revuelo en las redes sociales y en medios tradicionales y desde el \u201cpulpito\u201d de la ma\u00f1anera sale la respuesta airada provocada por sus propios anuncios.<\/p>\n<p>Aqu\u00ed va otro ejemplo de su discurso demag\u00f3gico de 2018: \u201cEn materia econ\u00f3mica, se respetar\u00e1 la autonom\u00eda del Banco de M\u00e9xico; el nuevo gobierno mantendr\u00e1 disciplina financiera y fiscal; se reconocer\u00e1n los compromisos contra\u00eddos con empresas y bancos nacionales y extranjeros. Hoy, lo pretenden convertir en <em>lavadero<\/em> de d\u00f3lares.<\/p>\n<p>Derechos Digitales es una organizaci\u00f3n de alcance latinoamericano independiente con sede en Chile y sin fines de lucro, fundada en 2005 y tiene como objetivo fundamental el desarrollo, la defensa y la promoci\u00f3n de los derechos humanos en el entorno digital en los pa\u00edses latinos.<\/p>\n<p>Tambi\u00e9n el gobierno de Venezuela\u00a0declar\u00f3\u00a0la necesidad de regular las redes sociales porque mucha de la informaci\u00f3n que se comparte buscar\u00eda \u201ccrear caos\u201d. Como vemos, son los gobiernos los que sienten el estorbo de la modalidad digital y primero se aprovechan de ellas en sus campa\u00f1as y hoy la quieren controlar.<\/p>\n<p><em><a href=\"mailto:rrrart2000@hotmail.com\" target=\"_blank\" rel=\"noopener noreferrer\">rrrart2000@hotmail.com<\/a><\/em><\/p>\n","protected":false},"excerpt":{"rendered":"<p><span style=\"color: #005497;\"><strong>Arturo R\u00edos Ruiz<\/strong><\/span><\/p>\n","protected":false},"author":3,"featured_media":0,"comment_status":"open","ping_status":"open","sticky":false,"template":"","format":"standard","meta":{"_monsterinsights_skip_tracking":false,"_monsterinsights_sitenote_active":false,"_monsterinsights_sitenote_note":"","_monsterinsights_sitenote_category":0,"footnotes":""},"categories":[82265],"tags":[82266,10806,43674],"class_list":["post-495422","post","type-post","status-publish","format-standard","hentry","category-arturo-rios-ruiz","tag-arturo-rios-ruiz","tag-centro","tag-opinion"],"_links":{"self":[{"href":"https:\/\/www.diarioimagen.net\/index.php?rest_route=\/wp\/v2\/posts\/495422","targetHints":{"allow":["GET"]}}],"collection":[{"href":"https:\/\/www.diarioimagen.net\/index.php?rest_route=\/wp\/v2\/posts"}],"about":[{"href":"https:\/\/www.diarioimagen.net\/index.php?rest_route=\/wp\/v2\/types\/post"}],"author":[{"embeddable":true,"href":"https:\/\/www.diarioimagen.net\/index.php?rest_route=\/wp\/v2\/users\/3"}],"replies":[{"embeddable":true,"href":"https:\/\/www.diarioimagen.net\/index.php?rest_route=%2Fwp%2Fv2%2Fcomments&post=495422"}],"version-history":[{"count":0,"href":"https:\/\/www.diarioimagen.net\/index.php?rest_route=\/wp\/v2\/posts\/495422\/revisions"}],"wp:attachment":[{"href":"https:\/\/www.diarioimagen.net\/index.php?rest_route=%2Fwp%2Fv2%2Fmedia&parent=495422"}],"wp:term":[{"taxonomy":"category","embeddable":true,"href":"https:\/\/www.diarioimagen.net\/index.php?rest_route=%2Fwp%2Fv2%2Fcategories&post=495422"},{"taxonomy":"post_tag","embeddable":true,"href":"https:\/\/www.diarioimagen.net\/index.php?rest_route=%2Fwp%2Fv2%2Ftags&post=495422"}],"curies":[{"name":"wp","href":"https:\/\/api.w.org\/{rel}","templated":true}]}}