{"id":495448,"date":"2021-02-05T00:02:57","date_gmt":"2021-02-05T06:02:57","guid":{"rendered":"https:\/\/www.diarioimagen.net\/?p=495448"},"modified":"2021-02-05T02:17:38","modified_gmt":"2021-02-05T08:17:38","slug":"ley-banxico-consenso-gobierno-debe-apoyar-a-banca-comercial","status":"publish","type":"post","link":"https:\/\/www.diarioimagen.net\/?p=495448","title":{"rendered":"Ley Banxico, consenso; gobierno debe apoyar a banca comercial"},"content":{"rendered":"<h2>La Retaguardia<\/h2>\n<h5>Adriana Moreno Cordero<\/h5>\n<p>&nbsp;<\/p>\n<ul>\n<li><strong><em>Hay muchos \u201ctiradores\u201d para la alcald\u00eda \u00c1lvaro Obreg\u00f3n<\/em><\/strong><\/li>\n<\/ul>\n<p>&nbsp;<\/p>\n<p>Tras concluir el an\u00e1lisis en Parlamento Abierto sobre la reforma a la Ley Banxico, hubo amplio consenso para buscar atender un serio problema social que afecta a las personas migrantes y sus familias, as\u00ed como a los trabajadores tur\u00edsticos.<\/p>\n<p>Atr\u00e1s quedaron los temores de que la reforma constituye una violaci\u00f3n a la autonom\u00eda del Banco de M\u00e9xico. Tanto legisladores como especialistas, coincidieron en reconocer que el problema de los d\u00f3lares en efectivo en la econom\u00eda nacional existe y que hasta ahora no se ha hecho nada por resolverlo. Por ello, concluyeron que debe privilegiarse la b\u00fasqueda de opciones y soluciones para resolver el problema social que ha generado en nuestro pa\u00eds la falta de corresponsales bancarios.<\/p>\n<p>Se insisti\u00f3 en que la citada reforma constituye una amplia mejora institucional para que las y los trabajadores mexicanos que se benefician del intercambio de d\u00f3lares en efectivo, puedan obtener un tipo de cambio justo y que su trabajo sea dignamente valorado.<\/p>\n<p>Asimismo, se hizo patente que los datos oficiales de los d\u00f3lares en efectivo que ingresan a M\u00e9xico no est\u00e1n registrando las llamadas \u201cremesas de bolsillo\u201d, que son los d\u00f3lares que se trasladan de persona a persona, por lo que no se reflejan en las estad\u00edsticas oficiales, ya que estos d\u00f3lares son cambiados en el mercado negro e informal. Y precisamente por este motivo, coincidieron en que es necesario instituir un nuevo tipo de pol\u00edtica cambiaria con sentido social.<\/p>\n<p>Para conseguir este objetivo, se concluy\u00f3 que es importante la colaboraci\u00f3n con autoridades e instituciones de cr\u00e9dito para establecer pol\u00edticas en materia de corresponsal\u00eda. Igualmente se insisti\u00f3 en que el gobierno federal debe apoyar a la banca comercial a preservar el sistema de corresponsales bancarios con Estados Unidos.<\/p>\n<p>Sin duda fue muy enriquecedor este ejercicio y permitir\u00e1 que ahora s\u00ed los legisladores puedan impulsar los cambios que resuelvan este problema que da\u00f1a la econom\u00eda, en beneficio de los sectores m\u00e1s vulnerables en M\u00e9xico.<\/p>\n<p style=\"text-align: center;\"><strong>Municiones<\/strong><\/p>\n<p>*** Dif\u00edcil se torna la designaci\u00f3n del candidato de Morena a la alcald\u00eda \u00c1lvaro Obreg\u00f3n. Hay demasiados \u201ctiradores\u201d, lo que ha desatado una guerra intestina entre grupos pol\u00edticos. Est\u00e1 el \u201cbejaranista\u201d <strong>Eduardo Santill\u00e1n<\/strong>, quien como esbirro del \u201cse\u00f1or de las ligas\u201d, ya fue delegado en la demarcaci\u00f3n; el monrealista <strong>Rafael Luna<\/strong>, quien no entreg\u00f3 buenas cuentas\u00a0 en la Cuauht\u00e9moc. La candidata de la jefa de Gobierno, <strong>Claudia Sheinbaum<\/strong>, es <strong>Isabela Rosales<\/strong>. No pod\u00eda faltar la familia Batres que empuja a su candidata <strong>Valentina Batres<\/strong> y hasta el sobrino de la secretaria de Gobernaci\u00f3n, Olga S\u00e1nchez Cordero, el biso\u00f1o <strong>Jorge Emilio S\u00e1nchez Cordero<\/strong>, quien paga encuestas a modo para aparecer como puntero en las \u201cpreferencias\u201d electorales, al estilo de <strong>Lorena Villavicencio<\/strong>, quien hace los propio en sus sondeos \u201ccuchareados\u201d. El diputado Santill\u00e1n, por su parte, es quien cree que va en \u201ccaballo de hacienda\u201d por el respaldo de su padrino Bejarano y ya hasta inund\u00f3 la demarcaci\u00f3n con propaganda, por cierto, de muy mala calidad. Morena debe tener mucho cuidado con el ungido en \u00c1lvaro Obreg\u00f3n si no quiere perder la tercera alcald\u00eda m\u00e1s poblada de la CDMX<\/p>\n<p>*** En los pr\u00f3ximos d\u00edas en la C\u00e1mara de Diputados, se discutir\u00e1 la Ley que como iniciativa preferente envi\u00f3 el presidente <strong>Andr\u00e9s Manuel L\u00f3pez Obrador<\/strong>, en materia de reforma el\u00e9ctrica. El coordinador de la bancada del PRI en San L\u00e1zaro, <strong>Ren\u00e9 Ju\u00e1rez Cisneros<\/strong>, analiz\u00f3 dicha controvertida iniciativa que conviene retomar. Se\u00f1al\u00f3 que: \u201cDesde el punto de vista econ\u00f3mico es absurda, porque lo que pretende es elevar los costos de generaci\u00f3n, lo cual repercute en el consumidor final, es decir, vamos a contrapelo de lo que parecer\u00eda l\u00f3gico, producir energ\u00edas limpias m\u00e1s baratas y ahora lo hacemos precisamente al rev\u00e9s, generar m\u00e1s caro y energ\u00edas que afectan el medio ambiente. Entonces el punto de vista econ\u00f3mico parece cuando menos il\u00f3gico. Adem\u00e1s, el ex gobernador guerrerense subray\u00f3 que, \u201cva a ser una carga desde el punto de vista presupuestal y afecta las finanzas p\u00fablicas, \u00bfpor qu\u00e9? porque tendr\u00e1 que haber un mayor subsidio que permita en un momento dado mantener las tarifas, si as\u00ed lo decide la empresa, la Comisi\u00f3n Federal de Electricidad. Desde el punto de vista jur\u00eddico, es anticonstitucional, porque adem\u00e1s contraviene la Constituci\u00f3n y contraviene tratados internacionales, donde M\u00e9xico es parte. En cuanto al tema del medio ambiente, el diputado Ren\u00e9 Ju\u00e1rez indic\u00f3 que la iniciativa enviada por el Ejecutivo a la C\u00e1mara baja, \u201ces absurda, porque vamos en contra de la generaci\u00f3n de energ\u00edas limpias, renovables, para darle paso o darle prioridad a la generaci\u00f3n f\u00f3sil\u201d.<\/p>\n<p>*** Ayer fue el D\u00eda Internacional contra el C\u00e1ncer y en ese marco, representantes m\u00e9dicos y cient\u00edficos Instituto Nacional de Cancerolog\u00eda (INCan) y de <strong>Becton Dickinson<\/strong> (BD) resaltaron la importancia de intensificar las acciones de diagn\u00f3stico oportuno y seguimiento adecuado de las enfermedades onco-hematol\u00f3gicas mediante tecnolog\u00eda de vanguardia que permita su \u00f3ptima caracterizaci\u00f3n y monitoreo. Estas enfermedades afectan a personas de todas las edades, siendo la leucemia aguda, linfoma (principalmente No Hodgkin) y mieloma m\u00faltiple las m\u00e1s frecuentes entre la poblaci\u00f3n. De acuerdo con Globocan, el a\u00f1o pasado su incidencia entre mexicanos de ambos sexos y de todas las edades fue de 5.4% para leucemia, 5.0% para linfoma no Hodgkin, 1.8% para mieloma m\u00faltiple y 1.6% para linfoma Hodgkin. En 2020, a escala mundial, se registraron 544 mil352 casos de linfoma no Hodgkin, 474 mil 519 de leucemia, 176 mil 404 de mieloma m\u00faltiple y 83 mil 087 de linfoma Hodgkin. \u201cAunque la Organizaci\u00f3n Mundial de la Salud estima que para 2030 los casos nuevos de c\u00e1ncer sobrepasar\u00e1n los 20 millones anuales; entre 30% y 50% podr\u00e1n prevenirse implementando h\u00e1bitos saludables y de disminuci\u00f3n de exposici\u00f3n a factores de riesgo; as\u00ed como a trav\u00e9s de diagn\u00f3stico y tratamiento oportunos\u201d, explic\u00f3 <strong>Rodrigo Pestana<\/strong>, doctor en Biolog\u00eda Celular y Molecular y l\u00edder para Asuntos M\u00e9dicos y Cient\u00edficos para Latinoam\u00e9rica en Becton Dickinson.<\/p>\n<p>*** La siempre flamante secretaria de Gobernaci\u00f3n, <strong>Olga S\u00e1nchez Cordero<\/strong>, pidi\u00f3 en su no tan gustada conferencia ma\u00f1anera que al ex gobernador de Puebla, <strong>Mario Mar\u00edn<\/strong>, detenido en Acapulco y llevado a Quintana Roo, se le otorgue el principio de presunci\u00f3n inocencia. \u00bfPor qu\u00e9 ser\u00e1?, \u00bfacaso porque sali\u00f3 ya a la luz que el tambi\u00e9n llamado \u201cg\u00f3ber precioso\u201d, trabaj\u00f3 muy de cerca con el director de la CFE, <strong>Manuel Bartlett <\/strong>cuando \u00e9ste se desempe\u00f1\u00f3 como mandatario estatal de la entidad poblana?, o, \u00bfcorrer\u00e1 la misma suerte que <strong>Emilio Lozoya<\/strong> y el general <strong>Salvador Cienfuegos<\/strong>?, \u00bfno que muy feminista la titular de la Segob? No, pues s\u00ed.<\/p>\n<p><u><a href=\"mailto:morcora@gmail.com\" target=\"_blank\" rel=\"noopener noreferrer\"><em>morcora@gmail.com<\/em><\/a><\/u><\/p>\n","protected":false},"excerpt":{"rendered":"<p><span style=\"color: #005497;\"><strong>Adriana Moreno Cordero<\/strong><\/span><\/p>\n","protected":false},"author":3,"featured_media":0,"comment_status":"open","ping_status":"open","sticky":false,"template":"","format":"standard","meta":{"_monsterinsights_skip_tracking":false,"_monsterinsights_sitenote_active":false,"_monsterinsights_sitenote_note":"","_monsterinsights_sitenote_category":0,"footnotes":""},"categories":[69370],"tags":[69369,69368,43674],"class_list":["post-495448","post","type-post","status-publish","format-standard","hentry","category-adriana-moreno-cordero","tag-adriana-moreno-cordero","tag-la-retaguardia","tag-opinion"],"_links":{"self":[{"href":"https:\/\/www.diarioimagen.net\/index.php?rest_route=\/wp\/v2\/posts\/495448","targetHints":{"allow":["GET"]}}],"collection":[{"href":"https:\/\/www.diarioimagen.net\/index.php?rest_route=\/wp\/v2\/posts"}],"about":[{"href":"https:\/\/www.diarioimagen.net\/index.php?rest_route=\/wp\/v2\/types\/post"}],"author":[{"embeddable":true,"href":"https:\/\/www.diarioimagen.net\/index.php?rest_route=\/wp\/v2\/users\/3"}],"replies":[{"embeddable":true,"href":"https:\/\/www.diarioimagen.net\/index.php?rest_route=%2Fwp%2Fv2%2Fcomments&post=495448"}],"version-history":[{"count":0,"href":"https:\/\/www.diarioimagen.net\/index.php?rest_route=\/wp\/v2\/posts\/495448\/revisions"}],"wp:attachment":[{"href":"https:\/\/www.diarioimagen.net\/index.php?rest_route=%2Fwp%2Fv2%2Fmedia&parent=495448"}],"wp:term":[{"taxonomy":"category","embeddable":true,"href":"https:\/\/www.diarioimagen.net\/index.php?rest_route=%2Fwp%2Fv2%2Fcategories&post=495448"},{"taxonomy":"post_tag","embeddable":true,"href":"https:\/\/www.diarioimagen.net\/index.php?rest_route=%2Fwp%2Fv2%2Ftags&post=495448"}],"curies":[{"name":"wp","href":"https:\/\/api.w.org\/{rel}","templated":true}]}}