{"id":495533,"date":"2021-02-08T00:05:12","date_gmt":"2021-02-08T06:05:12","guid":{"rendered":"https:\/\/www.diarioimagen.net\/?p=495533"},"modified":"2021-02-08T01:51:45","modified_gmt":"2021-02-08T07:51:45","slug":"del-mazo-pide-responsabilidad-durante-reactivacion-economica","status":"publish","type":"post","link":"https:\/\/www.diarioimagen.net\/?p=495533","title":{"rendered":"Del Mazo pide responsabilidad durante reactivaci\u00f3n econ\u00f3mica"},"content":{"rendered":"<p>&nbsp;<\/p>\n<ul>\n<li><em><strong>Exhorto a retomar las actividades econ\u00f3micas de manera responsable y segura<\/strong><\/em><\/li>\n<li><em><strong>Informa que el ritmo de contagios en la entidad se ha estabilizado, pero sigue siendo alto<\/strong><\/em><\/li>\n<\/ul>\n<p>&nbsp;<\/p>\n<div id=\"attachment_495669\" style=\"width: 470px\" class=\"wp-caption aligncenter\"><a href=\"https:\/\/www.diarioimagen.net\/?attachment_id=495669\" rel=\"attachment wp-att-495669\"><img loading=\"lazy\" decoding=\"async\" aria-describedby=\"caption-attachment-495669\" class=\"size-full wp-image-495669\" src=\"https:\/\/www.diarioimagen.net\/wp-content\/uploads\/2021\/02\/DelMazo.jpg\" alt=\"\" width=\"460\" height=\"270\" \/><\/a><p id=\"caption-attachment-495669\" class=\"wp-caption-text\">El gobernador Alfredo Del Mazo exhort\u00f3 a los mexiquenses a retomar las actividades econ\u00f3micas de manera responsable y segura.<\/p><\/div>\n<p>&nbsp;<\/p>\n<p><strong>San Felipe del Progreso, Estado de M\u00e9xico.-<\/strong> A trav\u00e9s de un mensaje por redes sociales, el gobernador Alfredo Del Mazo Maza invit\u00f3 a los mexiquenses a ir retomando las actividades econ\u00f3micas de manera responsable y segura, y destac\u00f3 que la administraci\u00f3n estatal trabaja en el impulso de esquemas que permitan la apertura de establecimientos en equilibrio con el cuidado de la salud de la poblaci\u00f3n.<\/p>\n<p>\u201cEl objetivo es encontrar un equilibrio entre el cuidado de la salud, que es una prioridad, y la activaci\u00f3n econ\u00f3mica, el apoyo a la econom\u00eda familiar; ya se han retomado algunas actividades a partir de este d\u00eda lunes, es momento de ser responsables, de ser prudentes y de ser solidarios, ayudemos a reactivar de manera segura, de manera responsable\u201d, se\u00f1al\u00f3.<\/p>\n<p>Del Mazo Maza sostuvo que la reactivaci\u00f3n de actividades econ\u00f3micas tiene como principal objetivo apoyar la econom\u00eda de las familias del Estado de M\u00e9xico, pero la prioridad es seguir cuidando de la salud de los mexiquenses, por lo que es momento de cuidar todos de todos.<\/p>\n<p>El Gobernador mexiquense inform\u00f3 que el ritmo de contagios se est\u00e1 estabilizando y el Estado de M\u00e9xico tiene una ocupaci\u00f3n hospitalaria del 82 por ciento, adem\u00e1s de que se realizan m\u00e1s de 15 mil pruebas diarias para detectar y atender de manera oportuna a personas contagiadas por Covid-19.<\/p>\n<p>\u201cEn el Estado de M\u00e9xico el ritmo de contagios se est\u00e1 estabilizando. Continuamos con una ocupaci\u00f3n hospitalaria alta, del 82 por ciento, al d\u00eda de hoy tenemos 3 mil 214 personas hospitalizadas. Continuamos aplicando miles de pruebas para identificar a las personas contagiadas y atenderlas oportunamente\u201d, puntualiz\u00f3.<\/p>\n<p>Alfredo Del Mazo record\u00f3 que en la entidad ya se inici\u00f3 con la aplicaci\u00f3n de la vacuna contra el COVID-19, para el sector salud y se han aplicado m\u00e1s de 64 mil 350 dosis.<\/p>\n<p>\u201cHemos avanzado en la aplicaci\u00f3n de la vacuna a los m\u00e9dicos y enfermeras que se encuentran en la primera l\u00ednea de atenci\u00f3n a pacientes COVID. Llevamos aplicadas m\u00e1s de 64 mil 350 dosis.<\/p>\n<p>\u201cEstamos esperando que en los pr\u00f3ximos d\u00edas, el 15 de febrero, lleguen vacunas adicionales para continuar con el trabajo de vacunaci\u00f3n a todo el sector salud\u201d, enfatiz\u00f3.<\/p>\n","protected":false},"excerpt":{"rendered":"<p>A trav\u00e9s de un mensaje por redes sociales, el gobernador Alfredo Del Mazo Maza invit\u00f3 a los mexiquenses a ir retomando las actividades econ\u00f3micas de manera responsable y segura, y destac\u00f3 que la administraci\u00f3n estatal trabaja en el impulso de esquemas que permitan la apertura de establecimientos en equilibrio con el cuidado de la salud de la poblaci\u00f3n.<\/p>\n","protected":false},"author":3,"featured_media":495669,"comment_status":"open","ping_status":"open","sticky":false,"template":"","format":"standard","meta":{"_monsterinsights_skip_tracking":false,"_monsterinsights_sitenote_active":false,"_monsterinsights_sitenote_note":"","_monsterinsights_sitenote_category":0,"footnotes":""},"categories":[5],"tags":[90021,43675,76924,6710],"class_list":["post-495533","post","type-post","status-publish","format-standard","has-post-thumbnail","hentry","category-estado-de-mexico","tag-covid-19","tag-estado-de-mexico","tag-reactivacion","tag-san-felipe-del-progreso"],"_links":{"self":[{"href":"https:\/\/www.diarioimagen.net\/index.php?rest_route=\/wp\/v2\/posts\/495533","targetHints":{"allow":["GET"]}}],"collection":[{"href":"https:\/\/www.diarioimagen.net\/index.php?rest_route=\/wp\/v2\/posts"}],"about":[{"href":"https:\/\/www.diarioimagen.net\/index.php?rest_route=\/wp\/v2\/types\/post"}],"author":[{"embeddable":true,"href":"https:\/\/www.diarioimagen.net\/index.php?rest_route=\/wp\/v2\/users\/3"}],"replies":[{"embeddable":true,"href":"https:\/\/www.diarioimagen.net\/index.php?rest_route=%2Fwp%2Fv2%2Fcomments&post=495533"}],"version-history":[{"count":0,"href":"https:\/\/www.diarioimagen.net\/index.php?rest_route=\/wp\/v2\/posts\/495533\/revisions"}],"wp:featuredmedia":[{"embeddable":true,"href":"https:\/\/www.diarioimagen.net\/index.php?rest_route=\/wp\/v2\/media\/495669"}],"wp:attachment":[{"href":"https:\/\/www.diarioimagen.net\/index.php?rest_route=%2Fwp%2Fv2%2Fmedia&parent=495533"}],"wp:term":[{"taxonomy":"category","embeddable":true,"href":"https:\/\/www.diarioimagen.net\/index.php?rest_route=%2Fwp%2Fv2%2Fcategories&post=495533"},{"taxonomy":"post_tag","embeddable":true,"href":"https:\/\/www.diarioimagen.net\/index.php?rest_route=%2Fwp%2Fv2%2Ftags&post=495533"}],"curies":[{"name":"wp","href":"https:\/\/api.w.org\/{rel}","templated":true}]}}