{"id":495544,"date":"2021-02-08T00:01:17","date_gmt":"2021-02-08T06:01:17","guid":{"rendered":"https:\/\/www.diarioimagen.net\/?p=495544"},"modified":"2021-02-08T02:09:27","modified_gmt":"2021-02-08T08:09:27","slug":"prevencion-la-mejor-herramienta-para-hacer-frente-al-cancer-imas-naucalpan","status":"publish","type":"post","link":"https:\/\/www.diarioimagen.net\/?p=495544","title":{"rendered":"Prevenci\u00f3n, la mejor herramienta para hacer frente al c\u00e1ncer: IMAS-Naucalpan"},"content":{"rendered":"<p>&nbsp;<\/p>\n<p>&nbsp;<\/p>\n<ul>\n<li><strong><em>Esta enfermedad muestra m\u00e1s de 100 variantes<\/em><\/strong><\/li>\n<\/ul>\n<p>&nbsp;<\/p>\n<div id=\"attachment_495700\" style=\"width: 470px\" class=\"wp-caption aligncenter\"><a href=\"https:\/\/www.diarioimagen.net\/?attachment_id=495700\" rel=\"attachment wp-att-495700\"><img loading=\"lazy\" decoding=\"async\" aria-describedby=\"caption-attachment-495700\" class=\"size-full wp-image-495700\" src=\"https:\/\/www.diarioimagen.net\/wp-content\/uploads\/2021\/02\/naucalpan-4.jpg\" alt=\"\" width=\"460\" height=\"270\" \/><\/a><p id=\"caption-attachment-495700\" class=\"wp-caption-text\">La encargada de Despacho del IMAS, Erika Huitr\u00f3n Gualito, se\u00f1al\u00f3 que el c\u00e1ncer muestra m\u00e1s de 100 variantes, las cuales pueden presentarse en diversas partes del cuerpo.<\/p><\/div>\n<p>&nbsp;<\/p>\n<p><strong>Naucalpan, Estado de M\u00e9xico<\/strong>.- La prevenci\u00f3n y la revisi\u00f3n peri\u00f3dica, adem\u00e1s de apostar por el tamizaje y tratamiento oportuno son las mejores herramientas para hacer frente al c\u00e1ncer, puntualiz\u00f3 el Instituto Municipal de Atenci\u00f3n a la Salud (IMAS), en el marco del D\u00eda Mundial Contra el C\u00e1ncer.<\/p>\n<p>La encargada de Despacho del IMAS, Erika Huitr\u00f3n Gualito, se\u00f1al\u00f3 que esta enfermedad muestra m\u00e1s de 100 variantes, las cuales pueden presentarse en diversas partes del cuerpo y se caracterizan principalmente por el crecimiento anormal de c\u00e9lulas malignas.<\/p>\n<p>Afirm\u00f3 que Naucalpan apuesta por la cultura de la prevenci\u00f3n, por lo que de forma continua se ha fomentado la autoexploraci\u00f3n en mujeres, la realizaci\u00f3n de pruebas de c\u00e1ncer de pr\u00f3stata en hombres y la reducci\u00f3n del consumo de tabaco y alcohol en la poblaci\u00f3n en general.<\/p>\n<p>Huitr\u00f3n Gualito indic\u00f3 que durante octubre del 2020, el IMAS llev\u00f3 a cabo la campa\u00f1a Salud Femenina, en la que se realizaron mil 900 mastograf\u00edas de forma gratuita y cerca de 500 ultrasonidos mamarios a mujeres menores de 40 a\u00f1os.<\/p>\n<p>\u201cAdem\u00e1s de sumarnos a las campa\u00f1as mundiales y nacionales, consideramos que no solo durante octubre debemos generar conciencia de este problema, sino durante todo el a\u00f1o, ya que necesitamos apostarle a la prevenci\u00f3n, a la identificaci\u00f3n de factores de riesgo, al tamizaje y al tratamiento oportuno.<\/p>\n<p>\u201cEn octubre del a\u00f1o pasado iniciamos la campa\u00f1a hacia la mujer, Salud Femenina, debido a que el c\u00e1ncer de mama destaca entre las causas m\u00e1s comunes de muerte entre mujeres mexiquenses, por lo que, en coordinaci\u00f3n con el Instituto de Salud del Estado de M\u00e9xico (ISEM), se logr\u00f3 otorgar mil 900 mastograf\u00edas gratuitas y la adquisici\u00f3n de un ultrasonido mamario, con el que se atendi\u00f3 a aproximadamente 500 mujeres que no cubren la edad para realizarse una mastograf\u00eda, ya que son menos de 40 a\u00f1os, y quieren un diagn\u00f3stico oportuno\u201d, dijo.<\/p>\n<p>Asever\u00f3 que entre los factores de riesgo que predisponen a contraer c\u00e1ncer se encuentran la carga gen\u00e9tica, la edad, el sedentarismo, el consumo de tabaco, no llevar una dieta adecuada, as\u00ed como las infecciones estomacales o de transmisi\u00f3n sexual, entre las que destacan la hepatitis C y el virus del papiloma humano.<\/p>\n<p>\u201cDesafortunadamente, para algunos tipos de c\u00e1ncer, los s\u00edntomas se presentan en fases muy avanzadas de la enfermedad, por lo que se aconseja identificar si tenemos factores de riesgo y acceder a un an\u00e1lisis completo, a trav\u00e9s de marcadores tumorales\u201d, puntualiz\u00f3 la Encargada de Despacho del IMAS.<\/p>\n<p>Asimismo, invit\u00f3 a toda la poblaci\u00f3n naucalpense a cuidarse, a disminuir los factores de riesgo y a mantener un estilo de vida saludable que incluya una buena alimentaci\u00f3n y actividad f\u00edsica.<\/p>\n<p>Indic\u00f3 que evitar el consumo de tabaco, alcohol y drogas, y hacer uso de m\u00e9todos anticonceptivos, ayuda a la prevenci\u00f3n.<\/p>\n","protected":false},"excerpt":{"rendered":"<p>La prevenci\u00f3n y la revisi\u00f3n peri\u00f3dica, adem\u00e1s de apostar por el tamizaje y tratamiento oportuno son las mejores herramientas para hacer frente al c\u00e1ncer, puntualiz\u00f3 el Instituto Municipal de Atenci\u00f3n a la Salud (IMAS), en el marco del D\u00eda Mundial Contra el C\u00e1ncer.<\/p>\n","protected":false},"author":3,"featured_media":495700,"comment_status":"open","ping_status":"open","sticky":false,"template":"","format":"standard","meta":{"_monsterinsights_skip_tracking":false,"_monsterinsights_sitenote_active":false,"_monsterinsights_sitenote_note":"","_monsterinsights_sitenote_category":0,"footnotes":""},"categories":[5],"tags":[43675,88005,970],"class_list":["post-495544","post","type-post","status-publish","format-standard","has-post-thumbnail","hentry","category-estado-de-mexico","tag-estado-de-mexico","tag-instituto-municipal-de-atencion-a-la-salud","tag-naucalpan"],"_links":{"self":[{"href":"https:\/\/www.diarioimagen.net\/index.php?rest_route=\/wp\/v2\/posts\/495544","targetHints":{"allow":["GET"]}}],"collection":[{"href":"https:\/\/www.diarioimagen.net\/index.php?rest_route=\/wp\/v2\/posts"}],"about":[{"href":"https:\/\/www.diarioimagen.net\/index.php?rest_route=\/wp\/v2\/types\/post"}],"author":[{"embeddable":true,"href":"https:\/\/www.diarioimagen.net\/index.php?rest_route=\/wp\/v2\/users\/3"}],"replies":[{"embeddable":true,"href":"https:\/\/www.diarioimagen.net\/index.php?rest_route=%2Fwp%2Fv2%2Fcomments&post=495544"}],"version-history":[{"count":0,"href":"https:\/\/www.diarioimagen.net\/index.php?rest_route=\/wp\/v2\/posts\/495544\/revisions"}],"wp:featuredmedia":[{"embeddable":true,"href":"https:\/\/www.diarioimagen.net\/index.php?rest_route=\/wp\/v2\/media\/495700"}],"wp:attachment":[{"href":"https:\/\/www.diarioimagen.net\/index.php?rest_route=%2Fwp%2Fv2%2Fmedia&parent=495544"}],"wp:term":[{"taxonomy":"category","embeddable":true,"href":"https:\/\/www.diarioimagen.net\/index.php?rest_route=%2Fwp%2Fv2%2Fcategories&post=495544"},{"taxonomy":"post_tag","embeddable":true,"href":"https:\/\/www.diarioimagen.net\/index.php?rest_route=%2Fwp%2Fv2%2Ftags&post=495544"}],"curies":[{"name":"wp","href":"https:\/\/api.w.org\/{rel}","templated":true}]}}