{"id":495549,"date":"2021-02-08T00:03:07","date_gmt":"2021-02-08T06:03:07","guid":{"rendered":"https:\/\/www.diarioimagen.net\/?p=495549"},"modified":"2021-02-08T02:03:41","modified_gmt":"2021-02-08T08:03:41","slug":"incluyen-cubrebocas-obligatorio-en-el-nuevo-bando-municipal-de-huixquilucan","status":"publish","type":"post","link":"https:\/\/www.diarioimagen.net\/?p=495549","title":{"rendered":"Incluyen cubrebocas obligatorio en el nuevo bando municipal de Huixquilucan"},"content":{"rendered":"<p>&nbsp;<\/p>\n<ul>\n<li><strong><em>Para disminuir los contagios por coronavirus<\/em><\/strong><\/li>\n<\/ul>\n<p>&nbsp;<\/p>\n<div id=\"attachment_495694\" style=\"width: 470px\" class=\"wp-caption aligncenter\"><a href=\"https:\/\/www.diarioimagen.net\/?attachment_id=495694\" rel=\"attachment wp-att-495694\"><img loading=\"lazy\" decoding=\"async\" aria-describedby=\"caption-attachment-495694\" class=\"size-full wp-image-495694\" src=\"https:\/\/www.diarioimagen.net\/wp-content\/uploads\/2021\/02\/huixquilucan-4.jpg\" alt=\"\" width=\"460\" height=\"270\" \/><\/a><p id=\"caption-attachment-495694\" class=\"wp-caption-text\">El presidente municipal de Huixquilucan, Enrique Vargas del Villar, public\u00f3 el Bando Municipal que habr\u00e1 de regir durante los pr\u00f3ximos 12 meses.<\/p><\/div>\n<p>&nbsp;<\/p>\n<p><strong>Huixquilucan, Estado de M\u00e9xico<\/strong>.- En el marco de la celebraci\u00f3n del 104 aniversario de la promulgaci\u00f3n de la Constituci\u00f3n Pol\u00edtica de los Estados Unidos Mexicanos, el presidente, Enrique Vargas del Villar public\u00f3 el Bando Municipal que habr\u00e1 de regir durante los pr\u00f3ximos 12 meses.<\/p>\n<p>Al respecto, Vargas del Villar precis\u00f3 que el Bando Municipal de Huixquilucan, tiene como eje principal que las y los huixquiluquenses convivan en una sociedad arm\u00f3nica, humanista y ordenada.<\/p>\n<p>En dicho ordenamiento, y dadas las circunstancias por las que atraviesa el pa\u00eds y el mundo entero, contempla la obligatoriedad del uso de cubrebocas a efecto de disminuir los contagios por coronavirus.<\/p>\n<p>Asimismo, la adecuaci\u00f3n para que no existan reuniones con m\u00e1s de 30 personas y que \u00e9stas sean al aire libre, disposiciones que tienen como finalidad preservar la salud y la vida.<\/p>\n<p>El secretario del Ayuntamiento, Pablo Fern\u00e1ndez de Cevallos Gonz\u00e1lez, precis\u00f3 que Huixquilucan es un municipio ordenado, por lo que insisti\u00f3 en que la prioridad en este momento es cuidarse, aplicando las medidas de sanidad.<\/p>\n","protected":false},"excerpt":{"rendered":"<p>En el marco de la celebraci\u00f3n del 104 aniversario de la promulgaci\u00f3n de la Constituci\u00f3n Pol\u00edtica de los Estados Unidos Mexicanos, el presidente, Enrique Vargas del Villar public\u00f3 el Bando Municipal que habr\u00e1 de regir durante los pr\u00f3ximos 12 meses.<\/p>\n","protected":false},"author":3,"featured_media":495694,"comment_status":"open","ping_status":"open","sticky":false,"template":"","format":"standard","meta":{"_monsterinsights_skip_tracking":false,"_monsterinsights_sitenote_active":false,"_monsterinsights_sitenote_note":"","_monsterinsights_sitenote_category":0,"footnotes":""},"categories":[5],"tags":[90364,43675,1097],"class_list":["post-495549","post","type-post","status-publish","format-standard","has-post-thumbnail","hentry","category-estado-de-mexico","tag-cubrebocas","tag-estado-de-mexico","tag-huixquilucan"],"_links":{"self":[{"href":"https:\/\/www.diarioimagen.net\/index.php?rest_route=\/wp\/v2\/posts\/495549","targetHints":{"allow":["GET"]}}],"collection":[{"href":"https:\/\/www.diarioimagen.net\/index.php?rest_route=\/wp\/v2\/posts"}],"about":[{"href":"https:\/\/www.diarioimagen.net\/index.php?rest_route=\/wp\/v2\/types\/post"}],"author":[{"embeddable":true,"href":"https:\/\/www.diarioimagen.net\/index.php?rest_route=\/wp\/v2\/users\/3"}],"replies":[{"embeddable":true,"href":"https:\/\/www.diarioimagen.net\/index.php?rest_route=%2Fwp%2Fv2%2Fcomments&post=495549"}],"version-history":[{"count":0,"href":"https:\/\/www.diarioimagen.net\/index.php?rest_route=\/wp\/v2\/posts\/495549\/revisions"}],"wp:featuredmedia":[{"embeddable":true,"href":"https:\/\/www.diarioimagen.net\/index.php?rest_route=\/wp\/v2\/media\/495694"}],"wp:attachment":[{"href":"https:\/\/www.diarioimagen.net\/index.php?rest_route=%2Fwp%2Fv2%2Fmedia&parent=495549"}],"wp:term":[{"taxonomy":"category","embeddable":true,"href":"https:\/\/www.diarioimagen.net\/index.php?rest_route=%2Fwp%2Fv2%2Fcategories&post=495549"},{"taxonomy":"post_tag","embeddable":true,"href":"https:\/\/www.diarioimagen.net\/index.php?rest_route=%2Fwp%2Fv2%2Ftags&post=495549"}],"curies":[{"name":"wp","href":"https:\/\/api.w.org\/{rel}","templated":true}]}}