{"id":495552,"date":"2021-02-08T00:04:51","date_gmt":"2021-02-08T06:04:51","guid":{"rendered":"https:\/\/www.diarioimagen.net\/?p=495552"},"modified":"2021-02-08T02:02:13","modified_gmt":"2021-02-08T08:02:13","slug":"promulga-gobierno-cuautitlense-bando-municipal-2021","status":"publish","type":"post","link":"https:\/\/www.diarioimagen.net\/?p=495552","title":{"rendered":"Promulga gobierno cuautitlense bando municipal 2021\u00a0"},"content":{"rendered":"<p>&nbsp;<\/p>\n<p><a href=\"https:\/\/www.diarioimagen.net\/?attachment_id=495689\" rel=\"attachment wp-att-495689\"><img loading=\"lazy\" decoding=\"async\" class=\"aligncenter size-full wp-image-495689\" src=\"https:\/\/www.diarioimagen.net\/wp-content\/uploads\/2021\/02\/cuautitlan-2.jpg\" alt=\"\" width=\"460\" height=\"307\" \/><\/a><\/p>\n<p>&nbsp;<\/p>\n<p><strong>\u00a0Cuautitl\u00e1n, Estado de M\u00e9xico<\/strong><strong>.- <\/strong>El gobierno contin\u00faa trabajando y atendiendo las necesidades m\u00e1s apremiantes que demanda la ciudadan\u00eda, al actualizar el Bando Municipal 2021 a las condiciones que estamos enfrentando y con la responsabilidad de entregar mejores resultados, as\u00ed lo expres\u00f3 el alcalde Ariel Ju\u00e1rez Rodr\u00edguez.<\/p>\n<p>Durante la ceremonia c\u00edvica conmemorativa del CIV Aniversario de la Promulgaci\u00f3n de la Constituci\u00f3n Pol\u00edtica de los Estados Unidos Mexicanos y expedici\u00f3n y promulgaci\u00f3n del Bando, realizada en el Palacio Municipal, atendiendo las medidas sanitarias preventivas, Ju\u00e1rez Rodr\u00edguez, estuvo acompa\u00f1ado de los integrantes del cabildo, directores de \u00e1rea y personal administrativo.<\/p>\n","protected":false},"excerpt":{"rendered":"<p>El gobierno contin\u00faa trabajando y atendiendo las necesidades m\u00e1s apremiantes que demanda la ciudadan\u00eda, al actualizar el Bando Municipal 2021 a las condiciones que estamos enfrentando y con la responsabilidad de entregar mejores resultados, as\u00ed lo expres\u00f3 el alcalde Ariel Ju\u00e1rez Rodr\u00edguez.<\/p>\n","protected":false},"author":3,"featured_media":495689,"comment_status":"open","ping_status":"open","sticky":false,"template":"","format":"standard","meta":{"_monsterinsights_skip_tracking":false,"_monsterinsights_sitenote_active":false,"_monsterinsights_sitenote_note":"","_monsterinsights_sitenote_category":0,"footnotes":""},"categories":[5],"tags":[85236,681,43675],"class_list":["post-495552","post","type-post","status-publish","format-standard","has-post-thumbnail","hentry","category-estado-de-mexico","tag-ariel-juarez-rodriguez","tag-cuautitlan","tag-estado-de-mexico"],"_links":{"self":[{"href":"https:\/\/www.diarioimagen.net\/index.php?rest_route=\/wp\/v2\/posts\/495552","targetHints":{"allow":["GET"]}}],"collection":[{"href":"https:\/\/www.diarioimagen.net\/index.php?rest_route=\/wp\/v2\/posts"}],"about":[{"href":"https:\/\/www.diarioimagen.net\/index.php?rest_route=\/wp\/v2\/types\/post"}],"author":[{"embeddable":true,"href":"https:\/\/www.diarioimagen.net\/index.php?rest_route=\/wp\/v2\/users\/3"}],"replies":[{"embeddable":true,"href":"https:\/\/www.diarioimagen.net\/index.php?rest_route=%2Fwp%2Fv2%2Fcomments&post=495552"}],"version-history":[{"count":0,"href":"https:\/\/www.diarioimagen.net\/index.php?rest_route=\/wp\/v2\/posts\/495552\/revisions"}],"wp:featuredmedia":[{"embeddable":true,"href":"https:\/\/www.diarioimagen.net\/index.php?rest_route=\/wp\/v2\/media\/495689"}],"wp:attachment":[{"href":"https:\/\/www.diarioimagen.net\/index.php?rest_route=%2Fwp%2Fv2%2Fmedia&parent=495552"}],"wp:term":[{"taxonomy":"category","embeddable":true,"href":"https:\/\/www.diarioimagen.net\/index.php?rest_route=%2Fwp%2Fv2%2Fcategories&post=495552"},{"taxonomy":"post_tag","embeddable":true,"href":"https:\/\/www.diarioimagen.net\/index.php?rest_route=%2Fwp%2Fv2%2Ftags&post=495552"}],"curies":[{"name":"wp","href":"https:\/\/api.w.org\/{rel}","templated":true}]}}