{"id":495746,"date":"2021-02-09T00:11:26","date_gmt":"2021-02-09T06:11:26","guid":{"rendered":"https:\/\/www.diarioimagen.net\/?p=495746"},"modified":"2021-02-09T03:03:57","modified_gmt":"2021-02-09T09:03:57","slug":"frena-sudafrica-vacunacion-con-dosis-de-astrazeneca","status":"publish","type":"post","link":"https:\/\/www.diarioimagen.net\/?p=495746","title":{"rendered":"Frena Sud\u00e1frica vacunaci\u00f3n con dosis de AstraZeneca"},"content":{"rendered":"<p>&nbsp;<\/p>\n<ul>\n<li><strong><em>Estudios comprueban eficacia \u201climitada\u201d<\/em><\/strong><\/li>\n<\/ul>\n<p>&nbsp;<\/p>\n<div id=\"attachment_495829\" style=\"width: 470px\" class=\"wp-caption aligncenter\"><a href=\"https:\/\/www.diarioimagen.net\/?attachment_id=495829\" rel=\"attachment wp-att-495829\"><img loading=\"lazy\" decoding=\"async\" aria-describedby=\"caption-attachment-495829\" class=\"size-full wp-image-495829\" src=\"https:\/\/www.diarioimagen.net\/wp-content\/uploads\/2021\/02\/VACUNA-ASTRAZENECA1.jpg\" alt=\"\" width=\"460\" height=\"270\" \/><\/a><p id=\"caption-attachment-495829\" class=\"wp-caption-text\">Un estudio revela eficacia \u201climitada\u201d de la vacuna AstraZeneca contra la variante sudafricana del virus SARS-CoV-2.<\/p><\/div>\n<p>&nbsp;<\/p>\n<p>Sud\u00e1frica suspendi\u00f3 temporalmente su programa de vacunaci\u00f3n contra la Covid-19, que iniciar\u00eda con un mill\u00f3n de vacunas de Oxford y AstraZeneca, tras un estudio que revela la eficacia \u201climitada\u201d de este biolg\u00b4ogico contra la variante sudafricana.<\/p>\n<p>Un estudio de la universidad de Witwatersrand, dado a conocer, arroj\u00f3 que la vacuna desarrollada por Oxford y AstraZeneca brinda una \u201cprotecci\u00f3n limitada ante formas moderadas de la Covid-19 provocada por la variante sudafricana sobre adultos j\u00f3venes\u201d.<\/p>\n<p>El gobierno pretend\u00eda distribuir la vacuna de AstraZeneca a trabajadores sanitarios pronto, despu\u00e9s de recibir un mill\u00f3n de dosis producidas por el Serum Institute de India. La propia farmac\u00e9utica afirm\u00f3 que reformular\u00e1 su vacuna.<\/p>\n<p>En su lugar, ofrecer\u00e1 las vacunas desarrolladas por Johnson &amp; Johnson y Pfizer en las pr\u00f3ximas semanas, mientras expertos consideran c\u00f3mo se podr\u00eda distribuir la vacuna de AstraZeneca.<\/p>\n<p>La semana pasada, un portavoz de AstraZeneca, citado por el Financial Times, ya hab\u00eda se\u00f1alado que un estudio sobre una muestra de dos mil personas demostr\u00f3 que la vacuna brit\u00e1nica tiene \u201cuna eficacia limitada ante las formas leves de la enfermedad causada por la variante sudafricana\u201d.<\/p>\n<p>No obstante, s\u00ed podr\u00eda ser eficaz frente a formas graves de la enfermedad, aunque a\u00fan no hay datos suficientes sobre este estudio, que ser\u00e1 publicado en estos d\u00edas.<\/p>\n<p style=\"text-align: center;\"><strong>AstraZeneca reformular\u00e1 vacuna para variante sudafricana<\/strong><\/p>\n<p>Por su parte, los desarrolladores de la vacuna Oxford-AstraZeneca prev\u00e9n tener una inyecci\u00f3n modificada para lidiar con la variante del coronavirus de Sud\u00e1frica para el \u00faltimo trimestre del a\u00f1o, dijo la investigadora l\u00edder.<\/p>\n<p>Funcionarios de salud en Gran Breta\u00f1a intentan contener la propagaci\u00f3n de la variante que primero se identific\u00f3 en Sud\u00e1frica ante preocupaciones de que es m\u00e1s contagiosa o resistente a las vacunas existentes. M\u00e1s de 100 casos de la variante sudafricana han sido hallados en el Reino Unido.<\/p>\n<p>Sarah Gilbert, la principal investigadora del equipo de Oxford, dijo a la BBC que \u201cestamos trabajando en una versi\u00f3n con la secuencia de espinas sudafricana\u201d.<\/p>\n<p>\u201cParece ser muy probable que tengamos una nueva versi\u00f3n lista para usarse en el oto\u00f1o\u201d, agreg\u00f3.<\/p>\n<p>Hizo los comentarios cuando la Universidad de Oxford dijo que los primeros datos de un peque\u00f1o estudio indican que la vacuna de AstraZeneca s\u00f3lo ofrece \u201cprotecci\u00f3n m\u00ednima\u201d contra la enfermedad leve causada por la variante de Sud\u00e1frica.<\/p>\n<p>El estudio, que todav\u00eda no ha sido revisado por otros investigadores, involucr\u00f3 a 20,000 personas, la mayor\u00eda de ellas j\u00f3venes y saludables. El promedio de edad de los voluntarios es de 31.<\/p>\n<p>\u201cLa protecci\u00f3n contra enfermedad moderada a severa, hospitalizaci\u00f3n o muertes no puede evaluarse en este estudio, ya que la poblaci\u00f3n objetivo ten\u00eda tan poco riesgo\u201d, coment\u00f3 la Universidad de Oxford.<\/p>\n<p>Robin Shattock, una cient\u00edfica que dirige la investigaci\u00f3n de la vacuna contra el coronavirus en el Colegio Imperial de Londres, exhort\u00f3 precauci\u00f3n sobre los primeros hallazgos del estudio. Pero agreg\u00f3 que es \u201cpreocupante hasta cierto punto que estamos viendo que no es efectiva contra la enfermedad leve o moderada\u201d.<\/p>\n","protected":false},"excerpt":{"rendered":"<p>Sud\u00e1frica suspendi\u00f3 temporalmente su programa de vacunaci\u00f3n contra la Covid-19, que iniciar\u00eda con un mill\u00f3n de vacunas de Oxford y AstraZeneca, tras un estudio que revela la eficacia \u201climitada\u201d de este biolg\u00b4ogico contra la variante sudafricana.<\/p>\n","protected":false},"author":3,"featured_media":495829,"comment_status":"open","ping_status":"open","sticky":false,"template":"","format":"standard","meta":{"_monsterinsights_skip_tracking":false,"_monsterinsights_sitenote_active":false,"_monsterinsights_sitenote_note":"","_monsterinsights_sitenote_category":0,"footnotes":""},"categories":[9],"tags":[90946,43679,3332,2643],"class_list":["post-495746","post","type-post","status-publish","format-standard","has-post-thumbnail","hentry","category-mundo","tag-astrazeneca","tag-mundo","tag-sudafrica","tag-vacunacion"],"_links":{"self":[{"href":"https:\/\/www.diarioimagen.net\/index.php?rest_route=\/wp\/v2\/posts\/495746","targetHints":{"allow":["GET"]}}],"collection":[{"href":"https:\/\/www.diarioimagen.net\/index.php?rest_route=\/wp\/v2\/posts"}],"about":[{"href":"https:\/\/www.diarioimagen.net\/index.php?rest_route=\/wp\/v2\/types\/post"}],"author":[{"embeddable":true,"href":"https:\/\/www.diarioimagen.net\/index.php?rest_route=\/wp\/v2\/users\/3"}],"replies":[{"embeddable":true,"href":"https:\/\/www.diarioimagen.net\/index.php?rest_route=%2Fwp%2Fv2%2Fcomments&post=495746"}],"version-history":[{"count":0,"href":"https:\/\/www.diarioimagen.net\/index.php?rest_route=\/wp\/v2\/posts\/495746\/revisions"}],"wp:featuredmedia":[{"embeddable":true,"href":"https:\/\/www.diarioimagen.net\/index.php?rest_route=\/wp\/v2\/media\/495829"}],"wp:attachment":[{"href":"https:\/\/www.diarioimagen.net\/index.php?rest_route=%2Fwp%2Fv2%2Fmedia&parent=495746"}],"wp:term":[{"taxonomy":"category","embeddable":true,"href":"https:\/\/www.diarioimagen.net\/index.php?rest_route=%2Fwp%2Fv2%2Fcategories&post=495746"},{"taxonomy":"post_tag","embeddable":true,"href":"https:\/\/www.diarioimagen.net\/index.php?rest_route=%2Fwp%2Fv2%2Ftags&post=495746"}],"curies":[{"name":"wp","href":"https:\/\/api.w.org\/{rel}","templated":true}]}}