{"id":495750,"date":"2021-02-09T00:01:44","date_gmt":"2021-02-09T06:01:44","guid":{"rendered":"https:\/\/www.diarioimagen.net\/?p=495750"},"modified":"2021-02-08T23:10:05","modified_gmt":"2021-02-09T05:10:05","slug":"el-teatro-de-palacio","status":"publish","type":"post","link":"https:\/\/www.diarioimagen.net\/?p=495750","title":{"rendered":"El teatro de Palacio"},"content":{"rendered":"<h2>De pe a pa<\/h2>\n<h5>Alberto Vieyra G.<\/h5>\n<p>&nbsp;<\/p>\n<p>\u00bfLo vio usted bajar las imponentes escaleras de Palacio Nacional? \u00bfVerdad que se ve\u00eda chiquitito?\u2026 S\u00ed diminuto, as\u00ed es pol\u00edticamente. Pero como en el teatro de Ernesto Alonso <em>Cachirulo<\/em>, AMLO reapareci\u00f3 con un traje azul marino en Palacio y diciendo, -mensaje subliminal- \u201cya ven, ya estoy bien\u201d, y emulando al ilustre actor que contaba cuentos de hadas en televisi\u00f3n, pero el Presidente nos cont\u00f3 cuentos de vaqueros, como ya es costumbre el Presidente divag\u00f3, simul\u00f3 un desbordante optimismo en materia econ\u00f3mica y de paso endulz\u00f3 los o\u00eddos de los mexicanos prometiendo las vacunas para la peste, que nom\u00e1s no llegan.<\/p>\n<p>Tambi\u00e9n conto falsas historias, como aquella cuando Vicente Guerrero Salda\u00f1a present\u00f3 a su padre ante la tropa, despu\u00e9s de que \u00e9ste hab\u00eda sido enviado por el virrey para ofrecerle riquezas y honores a cambio de su espada y de rendirse. Guerrero convoc\u00f3 a los soldados del movimiento independentista y en alg\u00fan lugar de la sierra en el estado que hoy lleva su nombre, Guerrero, les dijo:<\/p>\n<p>\u201cSoldados insurgentes, o\u00edd todos. Este venerable anciano, es mi padre, lo env\u00eda el enemigo para ofrecerme riquezas y honores a cambio de mi espada y de rendirme. Dios sabe cu\u00e1nto le amo, compa\u00f1eros, pero hoy contesto con el alma hecha pedazos, <strong>perd\u00f3n padre m\u00edo, La Patria es Primero\u201d<\/strong>. El pasaje hist\u00f3rico fue contado por AMLO totalmente tergiversado. El presidente no sabe de historia.<\/p>\n<p>En su plet\u00f3rico optimismo, AMLO habl\u00f3 de que las remesas de nuestros connacionales en Estados Unidos rebasaron en el 2020, los 40 mil 600 millones de d\u00f3lares. Que le d\u00e9 gracias a esas \u201cbenditas remesas\u201d, pero pese a ellas, la econom\u00eda mexicana, sobre todo en los \u00faltimos siete trimestres en el gobierno de AMLO se ha desplomado en m\u00e1s de un 9% del PIB y de no ser por ellas, la econom\u00eda azteca estar\u00eda en la lona.<\/p>\n<p>Tambi\u00e9n desbordante de dicha y contento, presumi\u00f3, AMLO que las tiendas departamentales captaron el a\u00f1o pasado m\u00e1s de 124 mil millones de pesos, es decir, unos 10 mil millones m\u00e1s que en 2019. \u00bfQui\u00e9n le entiende, no que odia todo lo neoliberal?&#8230; Esa es la econom\u00eda de los \u201cotros n\u00fameros\u201d de AMLO, pero no de la desastrosa realidad que vive la econom\u00eda en su gobierno, no s\u00f3lo por la pandemia del coronavirus, sino por las err\u00e1ticas medidas gubernamentales que han propiciado una total desconfianza de inversionistas, tanto nacionales como extranjeros, que se traduce en falta de creaci\u00f3n de empleos y menos habl\u00f3 de que en 2019 cerraron en M\u00e9xico m\u00e1s de 500 mil empresas y por lo menos 10 millones de compatriotas perdieron su trabajo, pero volvi\u00f3 a presumir que tan s\u00f3lo en los primeros 3 d\u00edas de este mes de febrero, se crearon en M\u00e9xico 6 mil empleos. \u00bfSer\u00e1 un milagro divino?<\/p>\n<p>En el teatro de Palacio, AMLO habl\u00f3 de la pandemia diciendo que nos ha humanizado a todos los mexicanos, que \u201chay m\u00e1s fraternidad, m\u00e1s solidaridad, estamos haciendo un lado el ego\u00edsmo, clasismo, la discriminaci\u00f3n, el odio\u201d. \u00bfEl odio y la divisi\u00f3n que AMLO ha sembrado con tanto ah\u00ednco?&#8230;<\/p>\n<p>En fin, los mexicanos hab\u00edamos descansado de AMLO durante dos semanas, para ser sustituido por do\u00f1a Olga S\u00e1nchez <em>Florero<\/em>, s\u00ed dos semanas en las que AMLO desapareci\u00f3 de la escena teatral de Palacio Nacional para someterse a cuarentena por haber dado a positivo en coronavirus, pero su reaparici\u00f3n en escena ocurri\u00f3 con el mismo libreto plagado de mentiras, de \u201cotros datos\u201d, sus datos y desbordante optimismo propio de los gobernantes populistas.<\/p>\n<p>No pocos compatriotas, entre ellos mis tres lectores y radioescuchas me han hecho llegar opiniones que francamente hacen dudar de la veracidad de la enfermedad del Presidente, de esa macabra enfermedad que tiene aterrorizado al mundo. Ya no le creen a AMLO, bueno, ni al Bendito. Piensan que es un teatrero que desapareci\u00f3 de la escena de Palacio para no enfrentar al c\u00famulo de problemas nacionales que se le vienen encima como una bola de nieve e incluso se habla de que la enfermedad real de AMLO es una terrible depresi\u00f3n a consecuencia de una aguda neurosis que padece.<\/p>\n<p><a href=\"mailto:info@agenciamn.com\" target=\"_blank\" rel=\"noopener noreferrer\"><em>info@agenciamn.com<\/em><\/a><\/p>\n","protected":false},"excerpt":{"rendered":"<p><span style=\"color: #005497;\"><strong>Alberto Vieyra G.<\/strong><\/span><\/p>\n","protected":false},"author":3,"featured_media":0,"comment_status":"open","ping_status":"open","sticky":false,"template":"","format":"standard","meta":{"_monsterinsights_skip_tracking":false,"_monsterinsights_sitenote_active":false,"_monsterinsights_sitenote_note":"","_monsterinsights_sitenote_category":0,"footnotes":""},"categories":[4596],"tags":[43697,4597,43674],"class_list":["post-495750","post","type-post","status-publish","format-standard","hentry","category-alberto-vieyra-g","tag-alberto-vieyra-g","tag-de-pe-a-pa","tag-opinion"],"_links":{"self":[{"href":"https:\/\/www.diarioimagen.net\/index.php?rest_route=\/wp\/v2\/posts\/495750","targetHints":{"allow":["GET"]}}],"collection":[{"href":"https:\/\/www.diarioimagen.net\/index.php?rest_route=\/wp\/v2\/posts"}],"about":[{"href":"https:\/\/www.diarioimagen.net\/index.php?rest_route=\/wp\/v2\/types\/post"}],"author":[{"embeddable":true,"href":"https:\/\/www.diarioimagen.net\/index.php?rest_route=\/wp\/v2\/users\/3"}],"replies":[{"embeddable":true,"href":"https:\/\/www.diarioimagen.net\/index.php?rest_route=%2Fwp%2Fv2%2Fcomments&post=495750"}],"version-history":[{"count":0,"href":"https:\/\/www.diarioimagen.net\/index.php?rest_route=\/wp\/v2\/posts\/495750\/revisions"}],"wp:attachment":[{"href":"https:\/\/www.diarioimagen.net\/index.php?rest_route=%2Fwp%2Fv2%2Fmedia&parent=495750"}],"wp:term":[{"taxonomy":"category","embeddable":true,"href":"https:\/\/www.diarioimagen.net\/index.php?rest_route=%2Fwp%2Fv2%2Fcategories&post=495750"},{"taxonomy":"post_tag","embeddable":true,"href":"https:\/\/www.diarioimagen.net\/index.php?rest_route=%2Fwp%2Fv2%2Ftags&post=495750"}],"curies":[{"name":"wp","href":"https:\/\/api.w.org\/{rel}","templated":true}]}}