{"id":495753,"date":"2021-02-09T00:05:16","date_gmt":"2021-02-09T06:05:16","guid":{"rendered":"https:\/\/www.diarioimagen.net\/?p=495753"},"modified":"2021-02-08T23:12:35","modified_gmt":"2021-02-09T05:12:35","slug":"amlo-esta-de-retorno","status":"publish","type":"post","link":"https:\/\/www.diarioimagen.net\/?p=495753","title":{"rendered":"AMLO est\u00e1 de retorno"},"content":{"rendered":"<h2>Desde el portal<\/h2>\n<h5>\u00c1ngel Soriano<\/h5>\n<p>&nbsp;<\/p>\n<p>Recuperado ya de Covid-19, el presidente Andr\u00e9s Manuel L\u00f3pez Obrador retorn\u00f3 a las ma\u00f1aneras y agradeci\u00f3 el apoyo que el pueblo de M\u00e9xico y del extranjero le dieron durante dos semanas en que se mantuvo aislado, y en el que destacados m\u00e9dicos mexicanos coordinados por el secretario de Salud, Jorge Alcocer, lo atendieron e incluso experimentaron medicinas que fueron efectivos.<\/p>\n<p>Indic\u00f3 que enferm\u00f3 porque no abus\u00f3 del poder de vacunarse antes de que le toque como adulto mayor y de acuerdo a su edad, porque no puede estar encerrado y tiene que salir a la calle a trabajar como millones de mexicanos, pero afortunadamente super\u00f3 la enfermedad con ejercicio y medicamentos que le sufrieron suministrados, pues el virus estaba ya en los pulmones.<\/p>\n<p>Desde luego, que es una gran noticia la reintegraci\u00f3n del Presidente que, al igual que muchos ciudadanos en el mundo se han recuperado, otros lamentablemente han fallecido y otros est\u00e1n hospitalizados, pero cuya atenci\u00f3n con m\u00e9todos experimentales y al cuidado de expertos logr\u00f3 salir adelante para bien de todos; ratific\u00f3 su decisi\u00f3n de transformar a M\u00e9xico.<\/p>\n<p>Y no s\u00f3lo para dar cuenta diaria de los asuntos de la Naci\u00f3n, sino para mantener el rumbo del pa\u00eds que hab\u00eda ca\u00eddo en manos de saqueadores, de simuladores que pretend\u00edan convertir a nuestras instituciones y las empresas del Estado, en meros instrumentos de acumular poder y dinero: el pa\u00eds era -y es- un gran negocio para los pudientes, a costa de los que menos tienen.<\/p>\n<p style=\"text-align: center;\"><strong>TURBULENCIAS<br \/>\nLas diferencias de las ma\u00f1aneras<\/strong><\/p>\n<p>\u00a0Mal parada qued\u00f3 la titular de la Segob, Olga S\u00e1nchez Cordero, a su lamentable paso por la suplencia de las ma\u00f1aneras, desde cuestiones sin importancia hasta los grandes temas que abord\u00f3, exhibieron pocas tablas para llegar a otros niveles, como ella misma lo reconoci\u00f3. Un detalle caracter\u00edstico del presidente L\u00f3pez Obrador es que identifica de inmediato a las personas y da cuenta de su vida y milagros, no s\u00f3lo con sus cercanos colaboradores o reporteros que cubren la fuente presidencial, sino en los lugares m\u00e1s rec\u00f3nditos del pa\u00eds. A los periodistas los llama por su nombre y su medio y sabe qu\u00e9 d\u00eda faltaron o cu\u00e1l fue su pregunta -incluso como el mismo subsecretario Hugo L\u00f3pez-Gatell-, mientras que la titular de la Segob que se supone conoce todo lo que ocurre en el pa\u00eds y a dos a\u00f1os de acudir permanentemente a Palacio Nacional, ignora nombres y medios de los periodistas que van a las conferencias de prensa: \u201ca ver t\u00fa, de su\u00e9ter rojo, de tenis azules; la que est\u00e1 detr\u00e1s del de chamarra azul, ese que est\u00e1 ah\u00ed atr\u00e1s, de lentes oscuros\u201d, lo cual no tiene nada de malo, pero demuestra su falta de oficio pol\u00edtico. El tabasque\u00f1o sabe hasta los nombres de los porteros y recepcionistas de las secretar\u00edas de Estado y conoce la historia de cada rinc\u00f3n del pueblo de M\u00e9xico y de sus habitantes. Esa es la diferencia\u2026 Lamentable actuaci\u00f3n del Fiscal General de Oaxaca, Rub\u00e9n Vasconcelos Beltr\u00e1n, pese a la ejecuci\u00f3n de la hermana y la t\u00eda del comunicador Edgar Leyva, en su rancho de Ocotl\u00e1n la semana pasado, nada hizo al respecto y Leyva tuvo que salir huyendo con rumbo a la frontera norte, presuntamente siendo victimado en Tuxpan, Veracruz, hecho que no hab\u00eda sido confirmado hasta el mismo lunes 8, pero que demuestra negligencia en la atenci\u00f3n de asuntos m\u00ednimos o relevantes. Son ya diversos los sectores que piden la salida de Vasconcelos Beltr\u00e1n por la negligencia en su actuar y por el incremento de los hechos de violencia: lo mismo son ejecutados alcaldes, l\u00edderes sociales o comunicadores, sin que se vea la acci\u00f3n de la justicia.<\/p>\n<p><a href=\"mailto:asorianocarrasco@yahoo.com\" target=\"_blank\" rel=\"noopener noreferrer\"><em>asorianocarrasco@yahoo.com<\/em><\/a><br \/>\n<em><a href=\"https:\/\/revistabrecha.com\" target=\"_blank\" rel=\"noopener noreferrer\">www.revistabrecha.com<\/a><br \/>\n<a href=\"https:\/\/twitter.com\/brecharevista\" target=\"_blank\" rel=\"noopener noreferrer\">@BrechaRevista<\/a><\/em><\/p>\n","protected":false},"excerpt":{"rendered":"<p><span style=\"color: #005497;\"><strong>\u00c1ngel Soriano<\/strong><\/span><\/p>\n","protected":false},"author":3,"featured_media":0,"comment_status":"open","ping_status":"open","sticky":false,"template":"","format":"standard","meta":{"_monsterinsights_skip_tracking":false,"_monsterinsights_sitenote_active":false,"_monsterinsights_sitenote_note":"","_monsterinsights_sitenote_category":0,"footnotes":""},"categories":[135],"tags":[85,86,43674],"class_list":["post-495753","post","type-post","status-publish","format-standard","hentry","category-angel-soriano-opinion","tag-angel-soriano","tag-desde-el-portal","tag-opinion"],"_links":{"self":[{"href":"https:\/\/www.diarioimagen.net\/index.php?rest_route=\/wp\/v2\/posts\/495753","targetHints":{"allow":["GET"]}}],"collection":[{"href":"https:\/\/www.diarioimagen.net\/index.php?rest_route=\/wp\/v2\/posts"}],"about":[{"href":"https:\/\/www.diarioimagen.net\/index.php?rest_route=\/wp\/v2\/types\/post"}],"author":[{"embeddable":true,"href":"https:\/\/www.diarioimagen.net\/index.php?rest_route=\/wp\/v2\/users\/3"}],"replies":[{"embeddable":true,"href":"https:\/\/www.diarioimagen.net\/index.php?rest_route=%2Fwp%2Fv2%2Fcomments&post=495753"}],"version-history":[{"count":0,"href":"https:\/\/www.diarioimagen.net\/index.php?rest_route=\/wp\/v2\/posts\/495753\/revisions"}],"wp:attachment":[{"href":"https:\/\/www.diarioimagen.net\/index.php?rest_route=%2Fwp%2Fv2%2Fmedia&parent=495753"}],"wp:term":[{"taxonomy":"category","embeddable":true,"href":"https:\/\/www.diarioimagen.net\/index.php?rest_route=%2Fwp%2Fv2%2Fcategories&post=495753"},{"taxonomy":"post_tag","embeddable":true,"href":"https:\/\/www.diarioimagen.net\/index.php?rest_route=%2Fwp%2Fv2%2Ftags&post=495753"}],"curies":[{"name":"wp","href":"https:\/\/api.w.org\/{rel}","templated":true}]}}