{"id":495754,"date":"2021-02-09T00:04:39","date_gmt":"2021-02-09T06:04:39","guid":{"rendered":"https:\/\/www.diarioimagen.net\/?p=495754"},"modified":"2021-02-08T23:15:17","modified_gmt":"2021-02-09T05:15:17","slug":"partidos-politicos-estancados","status":"publish","type":"post","link":"https:\/\/www.diarioimagen.net\/?p=495754","title":{"rendered":"Partidos pol\u00edticos estancados"},"content":{"rendered":"<h2>Punto por punto<\/h2>\n<h5>Augusto Corro<\/h5>\n<p>&nbsp;<\/p>\n<p>Los partidos pol\u00edticos mexicanos se encuentran estancados o van de reversa. As\u00ed lo demuestra la lista de personajes pol\u00edticos que aspiran a cargos de elecci\u00f3n popular. Como informamos, en el pr\u00f3ximo mes de junio se efectuar\u00e1n las elecciones m\u00e1s importantes de M\u00e9xico. Se votar\u00e1 para elegir o reelegir a quinientos diputados, quince gobernadores, y de miles de candidatos para puestos menores.<\/p>\n<p>La pobreza ideol\u00f3gica (\u00bfqu\u00e9 es eso? fue lo primero que mostraron las organizaciones pol\u00edticas en su lista de diputados plurinominales, integrada por personajes llegados a la pol\u00edtica estimulados por las ganancias econ\u00f3micas y el poder. Adem\u00e1s, de asegurar el empleo en temporada de crisis econ\u00f3mica. Advenedizos que ser\u00e1n manejados por sus l\u00edderes, tambi\u00e9n llenos de ambiciones personales.<\/p>\n<p>Todo mundo sabe que los partidos pol\u00edticos reciben millonarias sumas de dinero de acuerdo con la ley. Esos recursos econ\u00f3micos, que bien podr\u00edan utilizarse para apoyar a los pobres, van a enriquecer la bolsa de los dirigentes, de aquellos pol\u00edticos sin escr\u00fapulos, que encontraron en las instituciones pol\u00edticas su manera de vivir holgada y holgadamente.\u00a0 Sin sobresaltos econ\u00f3micos, aunque la pol\u00edtica a la mexicana resulte una de las m\u00e1s caras del mundo.<\/p>\n<p>Si usted realiza un an\u00e1lisis de las condiciones de los partidos pol\u00edticos se dar\u00e1 usted cuenta que siga m\u00e1s de lo mismo, a pesar de que se encuentra en el poder una organizaci\u00f3n que tiene m\u00e1s de dos a\u00f1os estancada. Nos referimos al Movimiento Regeneraci\u00f3n Nacional (Morena) que tiene la misma conducta de los dem\u00e1s institutos pol\u00edticos: ganar a como d\u00e9 lugar. Lo que les importa es mantenerse en el poder.<\/p>\n<p>Entre sus objetivos electorales, la dirigencia morenista se empe\u00f1ar\u00e1 en presentar candidatos que mantengan la mayor\u00eda de sus legisladores en la C\u00e1mara de Diputados, con el fin de continuar sin obst\u00e1culos en la construcci\u00f3n del proyecto de la Cuarta Transformaci\u00f3n (4T). Por cierto, \u00bfalguien conoce al diputado de su distrito electoral? En este rengl\u00f3n, contin\u00faa la misma pol\u00edtica partidista: son candidatos los personajes designados por la jerarqu\u00eda morenista, no por la militancia.<\/p>\n<p>En Morena, ni siquiera votan directamente por sus representantes, el juego electoral del partido se da por medio de encuestas, de cuyo mecanismo pocos conocen o dan cuenta. As\u00ed se eligi\u00f3 a su l\u00edder, Mario Delgado, quien sostuvo una lucha por el poder contra su adversario, Porfirio Mu\u00f1oz Ledo, quien asegur\u00f3 ser el ganador de la contienda. Los morenistas lo \u00fanico que consiguieron fue acelerar el divisionismo.<\/p>\n<p>Otro precandidato de Morena, F\u00e9lix Salgado Macedonio, tambi\u00e9n decidi\u00f3 echarle m\u00e1s le\u00f1a al fuego de las pugnas internas en su partido. Es uno de los aspirantes a la gubernatura de Guerrero con una historia nada recomendable, pues varias mujeres lo acusan de cometer delitos sexuales. Por cierto, las autoridades electorales deber\u00e1n decidir si el mencionado Salgado Macedonio cumple con los requisitos que exigen las reglas para ser abanderado morenista o simplemente le niegan la posibilidad de competir.<\/p>\n<p>Tambi\u00e9n Acci\u00f3n Nacional se mantiene pasmado tras su derrota en las recientes elecciones presidenciales. Ya vimos en su lista de diputados plurinominales que la dirigencia tuvo que echar mano de personajes que no brindan ninguna esperanza de cambio. \u00bfUsted cree que Margarita Zavala es portadora de ideas renovadoras? \u00bfO su marido, el ex presidente Felipe Calder\u00f3n Hinojosa que podr\u00eda convertirse en un pr\u00f3fugo de la justicia? Ser\u00e1 cuesti\u00f3n de tiempo que el michoacano empiece a preocuparse realmente por los problemas que podr\u00eda enfrentar.<\/p>\n<p>Calder\u00f3n y su esposa Margarita no pudieron registrar su partido pol\u00edtico familiar M\u00e9xico Libre, sin embargo, s\u00ed lograron conseguir, por el momento, candidaturas plurinominales para la se\u00f1ora Zavala y para los amigos del ex presidente. En Acci\u00f3n Nacional la jerarqu\u00eda pol\u00edtica camina sin rumbo. Ya no es, desde hace varios sexenios, la oposici\u00f3n que preocupaba a quienes ejerc\u00edan el poder presidencial. Hoy se trata de un partido, en el que todos hacen lo que quieren.?<\/p>\n<p>\u00bfO c\u00f3mo debe entenderse la actitud de Ricardo Anaya que opt\u00f3 por iniciar su campa\u00f1a presidencial rumbo a 2024? Su plan es recorrer todo el pa\u00eds para conocer las necesidades de los mexicanos. \u00bfNo podr\u00eda alguien aconsejarle que es suficiente con ir las colonias populares de la Ciudad de M\u00e9xico para constatar que la pobreza en M\u00e9xico es general y que no es necesario ir a perder el tiempo al interior de nuestro territorio?<\/p>\n<p>El Partido Revolucionario Institucional (PRI) tambi\u00e9n se encuentra en la lona. Vea la relaci\u00f3n de candidatos plurinominales para comprobar que en el tricolor nada cambia. Los que se dicen due\u00f1os de esa organizaci\u00f3n pol\u00edtica contin\u00faan con sus arbitrariedades. El ex gobernador Rub\u00e9n Moreira, de triste historia, y su esposa Carolina Viggiano, se apuntaron ya para asegurar la curul. Los \u201cdinosaurios\u201d son primero.<\/p>\n<p>Los partidos pol\u00edticos se encuentran estancados. No se ven los l\u00edderes j\u00f3venes por ning\u00fan lado. Est\u00e1 claro que las organizaciones pol\u00edticas quieren continuar con aquellos dirigentes que los hundieron o los tienen en v\u00edas de extinci\u00f3n: los \u201cdinosaurios\u201d de siempre. La carencia de ideolog\u00edas agobia a las organizaciones pol\u00edticas que funcionan como bolsas de trabajo. \u00bfUsted qu\u00e9 opina amable lector?<\/p>\n<p><a href=\"mailto:aco2742@hotmail.com\" target=\"_blank\" rel=\"noopener noreferrer\"><em>aco2742@hotmail.com<\/em><\/a><\/p>\n","protected":false},"excerpt":{"rendered":"<p><span style=\"color: #005497;\"><strong>Augusto Corro<\/strong><\/span><\/p>\n","protected":false},"author":3,"featured_media":0,"comment_status":"open","ping_status":"open","sticky":false,"template":"","format":"standard","meta":{"_monsterinsights_skip_tracking":false,"_monsterinsights_sitenote_active":false,"_monsterinsights_sitenote_note":"","_monsterinsights_sitenote_category":0,"footnotes":""},"categories":[157],"tags":[43686,43674,11515],"class_list":["post-495754","post","type-post","status-publish","format-standard","hentry","category-augusto-corro","tag-augusto-corro","tag-opinion","tag-punto-por-punto"],"_links":{"self":[{"href":"https:\/\/www.diarioimagen.net\/index.php?rest_route=\/wp\/v2\/posts\/495754","targetHints":{"allow":["GET"]}}],"collection":[{"href":"https:\/\/www.diarioimagen.net\/index.php?rest_route=\/wp\/v2\/posts"}],"about":[{"href":"https:\/\/www.diarioimagen.net\/index.php?rest_route=\/wp\/v2\/types\/post"}],"author":[{"embeddable":true,"href":"https:\/\/www.diarioimagen.net\/index.php?rest_route=\/wp\/v2\/users\/3"}],"replies":[{"embeddable":true,"href":"https:\/\/www.diarioimagen.net\/index.php?rest_route=%2Fwp%2Fv2%2Fcomments&post=495754"}],"version-history":[{"count":0,"href":"https:\/\/www.diarioimagen.net\/index.php?rest_route=\/wp\/v2\/posts\/495754\/revisions"}],"wp:attachment":[{"href":"https:\/\/www.diarioimagen.net\/index.php?rest_route=%2Fwp%2Fv2%2Fmedia&parent=495754"}],"wp:term":[{"taxonomy":"category","embeddable":true,"href":"https:\/\/www.diarioimagen.net\/index.php?rest_route=%2Fwp%2Fv2%2Fcategories&post=495754"},{"taxonomy":"post_tag","embeddable":true,"href":"https:\/\/www.diarioimagen.net\/index.php?rest_route=%2Fwp%2Fv2%2Ftags&post=495754"}],"curies":[{"name":"wp","href":"https:\/\/api.w.org\/{rel}","templated":true}]}}