{"id":495757,"date":"2021-02-09T00:03:56","date_gmt":"2021-02-09T06:03:56","guid":{"rendered":"https:\/\/www.diarioimagen.net\/?p=495757"},"modified":"2021-02-08T23:21:08","modified_gmt":"2021-02-09T05:21:08","slug":"amlo-sin-cubrebocas","status":"publish","type":"post","link":"https:\/\/www.diarioimagen.net\/?p=495757","title":{"rendered":"AMLO, sin cubrebocas"},"content":{"rendered":"<h2>Espacio Electoral<\/h2>\n<h5>Eleazar Flores<\/h5>\n<p>&nbsp;<\/p>\n<p><strong>L\u00c1STIMA-. <\/strong>Cuando muchos cre\u00edan -o cre\u00edamos-, que el Presidente de la Rep\u00fablica regresar\u00eda cambiado en, actitudes y discurso, despu\u00e9s de recuperarse del coronavirus que le afect\u00f3, el tabasque\u00f1o volvi\u00f3 a sus andadas, empezando por reiterar que jam\u00e1s usar\u00e1 el cubrebocas.<\/p>\n<p>Habr\u00eda que pensar solamente la actitud del presidente Andr\u00e9s Manuel L\u00f3pez Obrador en el remoto caso de que lo llame e invite a su pa\u00eds el ex presidente Donald Trump.<\/p>\n<p><strong>NEGATIVA-.<\/strong> M\u00e1s all\u00e1 de la negativa presidencial en s\u00ed, seguramente ignora el primer mandatario del pa\u00eds que -para bien o para mal-, es ejemplo para sus gobernados, \u00bfY para protegerse contra el coronavirus?. De su <em>florero<\/em>, perd\u00f3n de su subsecretario Gatoel, perd\u00f3n L\u00f3pez-Gatell, es otro incondicional al igual que el l\u00edder senatorial de Morena.<\/p>\n<p>Ser\u00eda interesante conocer la opini\u00f3n de aquellos mexicanos que sin la m\u00ednima protecci\u00f3n, organizan, participan, convocan y acuden a fiestas, abiertas o clandestinas, por todos los rincones del pa\u00eds, seg\u00fan denuncias an\u00f3nimas en distintos medios de comunicaci\u00f3n no obstante que el gobierno hace caso m\u00e1s r\u00e1pido cuando se proyectan por televisi\u00f3n.<\/p>\n<p><strong>ENEMIGOS-.<\/strong> Una apreciaci\u00f3n equivocada de este escribiente, reconocida p\u00fablicamente, es que se esperaba que L\u00f3pez Obrador regresar\u00eda de la pandemia con un discurso distinto, as\u00ed lo hizo en su mensaje de mediados de la semana pasada en un video que se tom\u00f3 en Palacio Nacional, pero por lo visto ese tono pacifista dur\u00f3 lo que la pandemia en el organismo del tabasque\u00f1o.<\/p>\n<p>Muestra de esa vuelta a las andadas del tabasque\u00f1o fue volver a identificar a sus enemigos favoritos que critican su gesti\u00f3n. En efecto, los medios de comunicaci\u00f3n, dizque porque ya no se les autoriza tanta publicidad como antes, versi\u00f3n muy discutible, lo que pasa es que ahora se les da a aquellos medios menos cr\u00edticos y casi apologistas a la Cuarta Transformaci\u00f3n.<\/p>\n<p>Practicante de la pol\u00edtica consistente en que perro no come carne de perro, me limitar\u00e9 a recordar al padre de la Cuarta Transformaci\u00f3n que algunos medios del sureste que antes no aparec\u00edan en la lista oficial de medios facturantes a la Presidencia de la Rep\u00fablica ahora reciben apoyos publicitarios generosos. Concretamente de tabasco. Saludos a los Cant\u00f3n Zetina.<\/p>\n<p>De los medios \u201cnacionales\u201d que se editan en la capital del pa\u00eds ni hablar, mis mayores respetos sin excluir a ninguno, pues quienes hemos estado en ellos sabemos lo que cuesta mucho editar un diario. Ahora que de los electr\u00f3nicos ni tocar el tema, se llevan la tajada sean cr\u00edticos o apologistas.<\/p>\n<p><strong>JOAQUIN-.<\/strong> Saludos el \u201ct\u00edcher\u201d Joaqu\u00edn L\u00f3pez Doriga, en muchas ocasiones \u201cblanco\u201d de la cr\u00edtica presidencial, en muchas ocasiones sin fundamento, \u00bfo no Jes\u00fas Ram\u00edrez?<\/p>\n<p><em><a href=\"mailto:elefa44@gmail.com\" target=\"_blank\" rel=\"noopener noreferrer\">elefa44@gmail.com<\/a><\/em><\/p>\n","protected":false},"excerpt":{"rendered":"<p><span style=\"color: #005497;\"><strong>Eleazar Flores<\/strong><\/span><\/p>\n","protected":false},"author":3,"featured_media":0,"comment_status":"open","ping_status":"open","sticky":false,"template":"","format":"standard","meta":{"_monsterinsights_skip_tracking":false,"_monsterinsights_sitenote_active":false,"_monsterinsights_sitenote_note":"","_monsterinsights_sitenote_category":0,"footnotes":""},"categories":[81743],"tags":[81744,81776,43674],"class_list":["post-495757","post","type-post","status-publish","format-standard","hentry","category-eleazar-flores","tag-eleazar-flores","tag-espacio-electoral","tag-opinion"],"_links":{"self":[{"href":"https:\/\/www.diarioimagen.net\/index.php?rest_route=\/wp\/v2\/posts\/495757","targetHints":{"allow":["GET"]}}],"collection":[{"href":"https:\/\/www.diarioimagen.net\/index.php?rest_route=\/wp\/v2\/posts"}],"about":[{"href":"https:\/\/www.diarioimagen.net\/index.php?rest_route=\/wp\/v2\/types\/post"}],"author":[{"embeddable":true,"href":"https:\/\/www.diarioimagen.net\/index.php?rest_route=\/wp\/v2\/users\/3"}],"replies":[{"embeddable":true,"href":"https:\/\/www.diarioimagen.net\/index.php?rest_route=%2Fwp%2Fv2%2Fcomments&post=495757"}],"version-history":[{"count":0,"href":"https:\/\/www.diarioimagen.net\/index.php?rest_route=\/wp\/v2\/posts\/495757\/revisions"}],"wp:attachment":[{"href":"https:\/\/www.diarioimagen.net\/index.php?rest_route=%2Fwp%2Fv2%2Fmedia&parent=495757"}],"wp:term":[{"taxonomy":"category","embeddable":true,"href":"https:\/\/www.diarioimagen.net\/index.php?rest_route=%2Fwp%2Fv2%2Fcategories&post=495757"},{"taxonomy":"post_tag","embeddable":true,"href":"https:\/\/www.diarioimagen.net\/index.php?rest_route=%2Fwp%2Fv2%2Ftags&post=495757"}],"curies":[{"name":"wp","href":"https:\/\/api.w.org\/{rel}","templated":true}]}}