{"id":495759,"date":"2021-02-09T00:11:20","date_gmt":"2021-02-09T06:11:20","guid":{"rendered":"https:\/\/www.diarioimagen.net\/?p=495759"},"modified":"2021-02-08T23:24:21","modified_gmt":"2021-02-09T05:24:21","slug":"mas-corruptos-que-miguel-aleman","status":"publish","type":"post","link":"https:\/\/www.diarioimagen.net\/?p=495759","title":{"rendered":"M\u00e1s corruptos, que Miguel Alem\u00e1n"},"content":{"rendered":"<h2>\u00cdndice pol\u00edtico<\/h2>\n<h5>Francisco Rodr\u00edguez<\/h5>\n<p>&nbsp;<\/p>\n<p>Antes de que existiera esa transnacional mexicana que es la cadena de paleter\u00edas \u201cLa Michoacana\u201d, rifaba entre nosotros el pulque, una parte de nuestra tradici\u00f3n interrumpida. En un desastrado arrebato de sumisi\u00f3n colonial lo abandonamos para producir vino, cuando la vid es un cultivo propicio s\u00f3lo en regiones min\u00fasculas del pa\u00eds.<\/p>\n<p>Las grandes fortunas mexicanas de trescientos a\u00f1os a la fecha se forjaron a base del maguey. Andr\u00e9s Molina Enr\u00edquez, Toribio Esquivel Obreg\u00f3n, Rabasa y los intelectuales precursores de la Revoluci\u00f3n tildaban a los porfiristas de ser c\u00f3mplices y paniaguados de la \u201caristocracia pulquera\u201d. No les faltaba raz\u00f3n. El t\u00e9rmino fue retomado por Jos\u00e9 Vasconcelos.<\/p>\n<p>Los grandes caciques de Hidalgo, el Estado de M\u00e9xico, Puebla y Tlaxcala, se\u00f1ores de horca y cuchillo -m\u00e1s derecho de pernada, por supuesto- construyeron las haciendas que todav\u00eda se ense\u00f1orean en los alrededores del Valle de los Volcanes. Los titanes del alambique son precursores de una manera de ser y de reprimir.<\/p>\n<p style=\"text-align: center;\"><strong>Hasta Pedro Navajas se rindi\u00f3 a las bondades del <em>tlachicot\u00f3n<\/em><\/strong><\/p>\n<p>Dejamos en el camino de la cultura del pulque, adem\u00e1s de olvidar entretenimientos muy nuestros, como los juegos del rentoy y la rayuela, el consumo de oligoelementos sumamente necesarios para la salud, la infinidad de empleos que generaba el <em>tlachicot\u00f3n<\/em>, y una cadena de provechos que todav\u00eda extra\u00f1amos.<\/p>\n<p>Las pieles de borrego para manufacturar las vejigas que lo almacenaban, los artesanos fabricantes de los acocotes, los guajes en forma de probetas que usaban los <em>chimizcleros<\/em> para succionar el vientre del maguey y los arrieros que transitaban los caminos con sus recias mulas portadoras de ese l\u00edquido muchachero. Toda una cadena de producci\u00f3n.<\/p>\n<p>Los maestros, expertos en las variadas artes y ciencias de la fermentaci\u00f3n en los grandes tinacales, prohibidos a la intromisi\u00f3n de las embarazadas, por aquella leyenda de que \u00e9stas imped\u00edan lograr la exacta espiritualidad del <em>carablanca<\/em>. Hoy en d\u00eda, el pulque s\u00f3lo es un elixir para conocedores de la tradici\u00f3n herm\u00e9tica.<\/p>\n<p>Muy pocos pueden disfrutar de los <em>chivitos<\/em> y de las <em>catrinas<\/em>, medidas reglamentarias de los tarros que por su alto contenido de hierro regresan la leche a las amamantadoras y rejuvenecen los cuerpos exprimidos de grandes amantes, obsesivos de la sexualidad, como nuestros antepasados. Hasta Pedro Navajas, el padrote de la leyenda urbana se rindi\u00f3 ante su influjo revitalizante.<\/p>\n<p style=\"text-align: center;\"><strong>La aristocracia pulquera, sustituida por una coalici\u00f3n de intereses<\/strong><\/p>\n<p>La aristocracia pulquera, sost\u00e9n del porfiriato y de las enormes fortunas mexicanas de los emuladores del m\u00e1s grande hacendado, Ignacio Torres Adalid, propietario de la mansi\u00f3n colonial que se encuentra en la avenida Ju\u00e1rez, frente al Hemiciclo del Benem\u00e9rito, muri\u00f3 con gloria. La aristocracia pulquera pas\u00f3 a mejor vida.<\/p>\n<p>Fue as\u00ed como el actual sistema pol\u00edtico naci\u00f3 el d\u00eda en que al grupo obregonista se le ocurri\u00f3 negociar con sus adversarios en la Revoluci\u00f3n las cuotas de poder pol\u00edtico y econ\u00f3mico para formar s\u00f3lidos gobiernos de coalici\u00f3n de intereses. Diversas tendencias ideol\u00f3gicas, civiles y militares, enfrentadas en la Convenci\u00f3n de Aguascalientes.<\/p>\n<p>El Ej\u00e9rcito, el empresariado, las grandes familias urbanas y rurales, el agrarismo y el obrerismo, todos fueron incluidos. Ninguna expresi\u00f3n qued\u00f3 afuera. S\u00f3lo se excluyeron los l\u00edderes de masas que obedec\u00edan tendencias ideol\u00f3gicas internacionales. Despu\u00e9s lograron poco a poco su inclusi\u00f3n y tambi\u00e9n su represi\u00f3n.<\/p>\n<p style=\"text-align: center;\"><strong>La enorme corrupci\u00f3n de Alem\u00e1n se extendi\u00f3 por todo el territorio<\/strong><\/p>\n<p>A\u00fan en el per\u00edodo de mayor corrupci\u00f3n del alemanismo, s\u00f3lo hab\u00eda unos cuantos de los cercanos que ten\u00edan derecho a saquear sin freno, a robarse todo. Mientras, los que no ten\u00edan autorizaci\u00f3n, los que detentaban puestos oficiales, deb\u00edan cuidar con \u201ccelo republicano\u201d que no se violaran ciertas formalidades del protocolo.<\/p>\n<p>No era lo mismo hablar de Jorge Pasquel, de Melchor Perrusqu\u00eda, de Rogerio de la Selva, que del ministro Andr\u00e9s Serra Rojas o del secretario de Gobernaci\u00f3n, Adolfo Ruiz Cortines. El gran capit\u00e1n de los negocios alemanistas, Justo Fern\u00e1ndez, nunca tuvo un solo empleo pagado por los contribuyentes en n\u00f3mina. Cuesti\u00f3n de modo y manera, dec\u00eda P\u00e1nfilo Natera.<\/p>\n<p>Una legi\u00f3n de negociantes mestizos, habilitados por Alem\u00e1n, operaban en todos los \u00e1mbitos del pa\u00eds, desde Sonora hasta Yucat\u00e1n. Los Valenzuela, los Ortiz Garza, los Robinson, los Appendole, los Reynoso, y una larga lista de los actuales directorios telef\u00f3nicos regionales, sustituyeron a los magueyeros Torres Adalid, jefes de la aristocracia pulquera del porfiriato.<\/p>\n<p style=\"text-align: center;\"><strong>En materia de corrupci\u00f3n Miguel Alem\u00e1n ha sido maestro de todos<\/strong><\/p>\n<p>A pesar del \u00e9xito del alemanismo en la distribuci\u00f3n de las \u201ccoperachas\u201d, un destacado estudioso de visita en nuestro pa\u00eds, Frank Tannenbaum, se atrevi\u00f3 a criticarlo por aquello de que este pa\u00eds no estaba hecho para las aventuras fara\u00f3nicas. Le fue aplicado el art\u00edculo 33 constitucional, por meterse en pol\u00edtica. Y tan, tan, a otra cosa mariposa. Pero lo que pasa ahora no es moco de pavo: \u00a0 Los reg\u00edmenes siguientes, quien m\u00e1s, quien menos, se ajustaron a las t\u00f3nicas alemanistas, aunque muchos juraron por \u00e9sta que lo detestaban. Fue y sigue siendo un \u00edcono, desde los sexenios del desarrollo estabilizador, hasta el de la Cuarta Corrupci\u00f3n. Con un a\u00f1adido: de unos presidentillos para ac\u00e1, todos entran a la competencia para saber qui\u00e9n acaba su sexenio m\u00e1s rico que Carlos Slim. El actual, va a velocidad turbo, cerrando peligrosamente.<\/p>\n<p style=\"text-align: center;\"><strong>Por sus ingresos como bur\u00f3crata, AMLO es multimillonario: <em>Forbes<\/em><\/strong><\/p>\n<p>La noticia llegada a trav\u00e9s de la revista <em>Forbes<\/em>, siempre acertada, lo comprueba: el hombrecillo de Tepetit\u00e1n ya entr\u00f3 con el pie derecho a formar parte del cat\u00e1logo de los multimillonarios latinoamericanos, \u201cproducto de sus ingresos como bur\u00f3crata\u201d, algo sencillamente imposible de tragar o de siquiera entender.<\/p>\n<p>S\u00f3lo que est\u00e9 amasando una fortuna descomunal a partir de lo que <em>The Financial Times <\/em>llama su peligrosa adicci\u00f3n a los combustibles f\u00f3siles, el combust\u00f3leo y el carb\u00f3n que el sector energ\u00e9tico compra a raudales a un intermediario coahuilense, a la electricidad contaminante, al ecocidio en las tierras mayas ampliamente documentado por investigadores nacionales y extranjeros y a otras cosillas, igualmente exuberantes. \u00a0 Industriales, comerciantes y hoteleros reportan que nadie, de la familia para abajo, menos los carteles rumanos y calabreses que operan en la Riviera Mayas, acepta una comisi\u00f3n menor al 35% del principal. Y as\u00ed, lo m\u00e1s seguro es exponer el pellejo. \u00a1Aguas! que uno de los principales mediadores es el pulcro Ren\u00e9 Bejarano.<\/p>\n<p style=\"text-align: center;\"><strong>El r\u00e9gimen modito Tepetit\u00e1n es m\u00e1s hip\u00f3crita que el de Miguel Alem\u00e1n<\/strong><\/p>\n<p>La salvaje intrusi\u00f3n del Tren Maya y de los tramposos contratos de construcci\u00f3n de Dos Bocas y de Santa Luc\u00eda, en donde sus testaferros civiles y militares parten el bacalao es ya una cosa juzgada. Y eso que aqu\u00ed no se cuentan las mermas que producen los programitas de arbolitos, <em>ninis<\/em> construyendo el futuro, adultos mayores y dem\u00e1s, que se ha demostrado s\u00f3lo llegan a un reducido porcentaje de beneficiarios. Todo el mundo se pregunta: \u00bfa qu\u00e9 se deber\u00e1?<\/p>\n<p>A diferencia del alemanismo ordinario, realmente corporativo y fascista, el r\u00e9gimen modito Tepetit\u00e1n es mucho m\u00e1s oscuro e hip\u00f3crita. Pues en \u00e9l, se ha demostrado que todos roban, y no s\u00f3lo los que no est\u00e1n en n\u00f3mina. Una caterva de incompetentes e ignorantes asuelan todos los rubros del aparato administrativo, por llamarle de alguna manera.<\/p>\n<p style=\"text-align: center;\"><strong>Dice Olga S\u00e1nchez Cordero que AMLO vive \u201cen su propio Palacio\u201d<\/strong><\/p>\n<p>Y por si fuera poco, el magnate de aqu\u00ed vive \u201cen su propio Palacio\u201d, S\u00e1nchez Cordero dixit, atendido por una legi\u00f3n de mecapaleros pagados por nosotros. El enfermo imaginario todav\u00eda no declara los gigantescos <em>moches<\/em> de ese capital de tres trillones de d\u00f3lares robado por su cuate <em>Trun<\/em> al presupuesto sanitario <em>gringo<\/em>, metido a las bolsas de Nueva York, y que le prometi\u00f3 lavar en los bajos vientres del Banco de M\u00e9xico, aunque perdamos el valor de nuestras reservas monetarias. Todo es el arrase.<\/p>\n<p>El veto a las inversiones ya hechas en M\u00e9xico de las energ\u00edas limpias equivale, seg\u00fan <em>The Financial Times<\/em>, a una cantidad cercana a los 18 mil millones de d\u00f3lares, que los mexicanos tendremos que apoquinar en los tribunales internacionales. Todo, por el arrase, por andar favoreciendo al compadrito Armando Guadiana, senador de Morena por Coahuila y gran productor de carb\u00f3n contaminante.<\/p>\n<p style=\"text-align: center;\"><strong>Rebas\u00f3 por la derecha a la aristocracia<br \/>\npulquera y a la corrupci\u00f3n alemanista<\/strong><\/p>\n<p>Como el embarazo, lo \u201cinteligente\u201d y la riqueza no se pueden ocultar, pronto ser\u00e1 destapado todo este entrambulique.<\/p>\n<p>Lo dicho: el fascismo \u00bfde izquierda?) rebas\u00f3 por la derecha a la aristocracia pulquera y a la corrupci\u00f3n alemanista.<\/p>\n<p>\u00bfNo cree usted?<\/p>\n<p><strong><em>\u00cdndice Flam\u00edgero<\/em><\/strong>: En junio de 2020, L\u00f3pez Obrador present\u00f3 su declaraci\u00f3n patrimonial y de conflicto de intereses anual en donde destaca que en 2019 tuvo un ingreso neto por su cargo como Presidente de la Rep\u00fablica por un mill\u00f3n 567 mil 640 pesos. En su lista de propiedades aparece una finca de 12 mil metros cuadrados ubicada en Palenque, Chiapas, pero est\u00e1 a nombre de sus cuatro hijos. AMLO declar\u00f3 no tener deudas ni tarjetas de cr\u00e9dito, pues su \u00fanico ingreso es el sueldo como presidente: 108 mil 744 pesos, es decir, unos 5 mil 600 d\u00f3lares.<\/p>\n<p><em><u><a href=\"http:\/\/www.indicepolitico.com\" target=\"_blank\" rel=\"noopener noreferrer\">www.indicepolitico.com<\/a><\/u><u><br \/>\n<\/u><a href=\"mailto:indicepolitico@gmail.com\" target=\"_blank\" rel=\"noopener noreferrer\">indicepolitico@gmail.com<\/a><\/em><br \/>\n<em><a href=\"https:\/\/twitter.com\/indicepolitico?lang=es\" target=\"_blank\" rel=\"noopener noreferrer\">@IndicePolitico<\/a><\/em><br \/>\n<em><u><a href=\"https:\/\/twitter.com\/pacorodriguez\" target=\"_blank\" rel=\"noopener noreferrer\">@pacorodriguez<\/a><\/u><\/em><\/p>\n","protected":false},"excerpt":{"rendered":"<p><span style=\"color: #005497;\"><strong>Francisco Rodr\u00edguez<\/strong><\/span><br \/>\n<br \/>\nAntes de que existiera esa transnacional mexicana que es la cadena de paleter\u00edas \u201cLa Michoacana\u201d, rifaba entre nosotros el pulque, una parte de nuestra tradici\u00f3n interrumpida. En un desastrado arrebato de sumisi\u00f3n colonial lo abandonamos para producir vino, cuando la vid es un cultivo propicio s\u00f3lo en regiones min\u00fasculas del pa\u00eds.<\/p>\n","protected":false},"author":3,"featured_media":0,"comment_status":"open","ping_status":"open","sticky":false,"template":"","format":"standard","meta":{"_monsterinsights_skip_tracking":false,"_monsterinsights_sitenote_active":false,"_monsterinsights_sitenote_note":"","_monsterinsights_sitenote_category":0,"footnotes":""},"categories":[549],"tags":[43689,550,43674],"class_list":["post-495759","post","type-post","status-publish","format-standard","hentry","category-francisco-rodriguez","tag-francisco-rodriguez","tag-indice-politico","tag-opinion"],"_links":{"self":[{"href":"https:\/\/www.diarioimagen.net\/index.php?rest_route=\/wp\/v2\/posts\/495759","targetHints":{"allow":["GET"]}}],"collection":[{"href":"https:\/\/www.diarioimagen.net\/index.php?rest_route=\/wp\/v2\/posts"}],"about":[{"href":"https:\/\/www.diarioimagen.net\/index.php?rest_route=\/wp\/v2\/types\/post"}],"author":[{"embeddable":true,"href":"https:\/\/www.diarioimagen.net\/index.php?rest_route=\/wp\/v2\/users\/3"}],"replies":[{"embeddable":true,"href":"https:\/\/www.diarioimagen.net\/index.php?rest_route=%2Fwp%2Fv2%2Fcomments&post=495759"}],"version-history":[{"count":0,"href":"https:\/\/www.diarioimagen.net\/index.php?rest_route=\/wp\/v2\/posts\/495759\/revisions"}],"wp:attachment":[{"href":"https:\/\/www.diarioimagen.net\/index.php?rest_route=%2Fwp%2Fv2%2Fmedia&parent=495759"}],"wp:term":[{"taxonomy":"category","embeddable":true,"href":"https:\/\/www.diarioimagen.net\/index.php?rest_route=%2Fwp%2Fv2%2Fcategories&post=495759"},{"taxonomy":"post_tag","embeddable":true,"href":"https:\/\/www.diarioimagen.net\/index.php?rest_route=%2Fwp%2Fv2%2Ftags&post=495759"}],"curies":[{"name":"wp","href":"https:\/\/api.w.org\/{rel}","templated":true}]}}