{"id":495769,"date":"2021-02-09T00:08:40","date_gmt":"2021-02-09T06:08:40","guid":{"rendered":"https:\/\/www.diarioimagen.net\/?p=495769"},"modified":"2021-02-08T23:32:43","modified_gmt":"2021-02-09T05:32:43","slug":"un-simple-cubrebocas","status":"publish","type":"post","link":"https:\/\/www.diarioimagen.net\/?p=495769","title":{"rendered":"Un simple cubrebocas"},"content":{"rendered":"<h2>Detr\u00e1s del Poder<\/h2>\n<h5>Jos\u00e9 Antonio L\u00f3pez Sosa<\/h5>\n<p>&nbsp;<\/p>\n<p>Ayer, en la conferencia matutina del presidente Andr\u00e9s Manuel L\u00f3pez Obrador, hubo dos informaciones que destacaron, en primer lugar, su retorno cuando apenas se est\u00e1 recuperando de la Covid19 y en segundo, el hecho que reiter\u00f3 que no usar\u00e1 cubrebocas.<\/p>\n<p>Mi colega Carlos Tomasini, de <em>C\u00f3digo Libre,<\/em> pregunt\u00f3 sin darle espacio para divagar -como suele hacerlo el Presidente-, el cuestionamiento central fue si usar\u00eda o no cubrebocas, luego de haberse enfermado y la respuesta fue no.<\/p>\n<p>El Presidente es quien toma al cubrebocas como un elemento pol\u00edtico y no sanitario, evidentemente con esa base pol\u00edtica y no cient\u00edfica, el subsecretario L\u00f3pez-Gatell ha defendido esa postura contraviniendo, incluso, las recomendaciones internacionales, descalificando con enorme soberbia las recomendaciones que vayan en sentido contrario.<\/p>\n<p>Concuerdo en lo personal, en que la soluci\u00f3n no debe circunscribirse a acciones coercitivas, tales como toques de queda, sin embargo, el uso obligatorio de una mascarilla no constituye un acto autoritario, se tratan de cosas distintas.<\/p>\n<p>Me pregunto, \u00bfpor qu\u00e9 tanta fijaci\u00f3n del Presidente por no usar cubrebocas?, \u00bfpor qu\u00e9 politizar un elemento de salud p\u00fablica tan simple?<\/p>\n<p>Tambi\u00e9n como una suerte de doctrina, dijo que no se vacuna porque respeta los tiempos, acus\u00f3 que jefes de Estado de otros pa\u00edses se han vacunado con el pretexto de dar ejemplo. Ni lo uno ni lo otro, el se\u00f1or L\u00f3pez Obrador se alquila como Presidente de M\u00e9xico, como tal, es el jefe de Estado y su buena salud es materia de seguridad nacional, por supuesto que debi\u00f3 ser de los primeros vacunados, sobre todo porque como dice, no deja de salir y trabajar, no se trata de \u00e9l mismo -como reiteradamente dice- sino se trata de la figura presidencial.<\/p>\n<p>Que un jefe de Estado no se vacune de forma prioritaria no significa honestidad, sino populismo.<\/p>\n<p>Afortunadamente, el Presidente sali\u00f3 bien librado de la enfermedad, se restableci\u00f3 favorablemente de la infecci\u00f3n por SARS-CoV-2; lamentablemente no cambia su fijaci\u00f3n por no usar cubrebocas.<\/p>\n<p><em><a href=\"http:\/\/www.lopezsosa.com\" target=\"_blank\" rel=\"noopener\">www.lopezsosa.com<\/a><\/em><br \/>\n<em><a href=\"mailto:joseantonio@lopezsosa.com\" target=\"_blank\" rel=\"noopener\">joseantonio@lopezsosa.com<\/a><\/em><br \/>\n<em><a href=\"http:\/\/twitter.com\/joseantonio1977\" target=\"_blank\" rel=\"noopener\">@joseantonio197<\/a><\/em><\/p>\n","protected":false},"excerpt":{"rendered":"<p><span style=\"color: #005497;\"><strong>Jos\u00e9 Antonio L\u00f3pez Sosa<\/strong><\/span><\/p>\n","protected":false},"author":3,"featured_media":0,"comment_status":"open","ping_status":"open","sticky":false,"template":"","format":"standard","meta":{"_monsterinsights_skip_tracking":false,"_monsterinsights_sitenote_active":false,"_monsterinsights_sitenote_note":"","_monsterinsights_sitenote_category":0,"footnotes":""},"categories":[637],"tags":[638,43690,43674],"class_list":["post-495769","post","type-post","status-publish","format-standard","hentry","category-jose-antonio-lopez-sosa","tag-detras-del-poder","tag-jose-antonio-lopez-sosa","tag-opinion"],"_links":{"self":[{"href":"https:\/\/www.diarioimagen.net\/index.php?rest_route=\/wp\/v2\/posts\/495769","targetHints":{"allow":["GET"]}}],"collection":[{"href":"https:\/\/www.diarioimagen.net\/index.php?rest_route=\/wp\/v2\/posts"}],"about":[{"href":"https:\/\/www.diarioimagen.net\/index.php?rest_route=\/wp\/v2\/types\/post"}],"author":[{"embeddable":true,"href":"https:\/\/www.diarioimagen.net\/index.php?rest_route=\/wp\/v2\/users\/3"}],"replies":[{"embeddable":true,"href":"https:\/\/www.diarioimagen.net\/index.php?rest_route=%2Fwp%2Fv2%2Fcomments&post=495769"}],"version-history":[{"count":0,"href":"https:\/\/www.diarioimagen.net\/index.php?rest_route=\/wp\/v2\/posts\/495769\/revisions"}],"wp:attachment":[{"href":"https:\/\/www.diarioimagen.net\/index.php?rest_route=%2Fwp%2Fv2%2Fmedia&parent=495769"}],"wp:term":[{"taxonomy":"category","embeddable":true,"href":"https:\/\/www.diarioimagen.net\/index.php?rest_route=%2Fwp%2Fv2%2Fcategories&post=495769"},{"taxonomy":"post_tag","embeddable":true,"href":"https:\/\/www.diarioimagen.net\/index.php?rest_route=%2Fwp%2Fv2%2Ftags&post=495769"}],"curies":[{"name":"wp","href":"https:\/\/api.w.org\/{rel}","templated":true}]}}