{"id":495877,"date":"2021-02-10T00:13:38","date_gmt":"2021-02-10T06:13:38","guid":{"rendered":"https:\/\/www.diarioimagen.net\/?p=495877"},"modified":"2021-02-10T02:19:21","modified_gmt":"2021-02-10T08:19:21","slug":"pfizer-reanudara-envio-de-vacunas-a-mexico-con-casi-500-mil-dosis","status":"publish","type":"post","link":"https:\/\/www.diarioimagen.net\/?p=495877","title":{"rendered":"Pfizer reanudar\u00e1 env\u00edo de vacunas a M\u00e9xico\u00a0 con casi 500 mil dosis"},"content":{"rendered":"<p>&nbsp;<\/p>\n<h3 style=\"text-align: center;\">A partir del 15 de febrero<\/h3>\n<p>&nbsp;<\/p>\n<ul>\n<li><strong><em>Convenio de fabricaci\u00f3n y suministro de 34.4 millones, para este a\u00f1o<\/em><\/strong><\/li>\n<\/ul>\n<p>&nbsp;<\/p>\n<div id=\"attachment_496029\" style=\"width: 470px\" class=\"wp-caption aligncenter\"><a href=\"https:\/\/www.diarioimagen.net\/?attachment_id=496029\" rel=\"attachment wp-att-496029\"><img loading=\"lazy\" decoding=\"async\" aria-describedby=\"caption-attachment-496029\" class=\"size-full wp-image-496029\" src=\"https:\/\/www.diarioimagen.net\/wp-content\/uploads\/2021\/02\/VACUNAS-PFIZER.jpg\" alt=\"\" width=\"460\" height=\"270\" \/><\/a><p id=\"caption-attachment-496029\" class=\"wp-caption-text\">La farmac\u00e9utica Pfizer confirm\u00f3 que este 15 de febrero reanudar\u00e1 los env\u00edos de vacunas a M\u00e9xico.<\/p><\/div>\n<p>&nbsp;<\/p>\n<p>Tras tres semanas de la suspensi\u00f3n de env\u00edos de vacunas a M\u00e9xico, la farmac\u00e9utica Pfizer confirm\u00f3 que el pr\u00f3ximo 15 de febrero los reanudar\u00e1 con un cargamento de 491 mil 400 dosis.<\/p>\n<p>El secretario de Relaciones Exteriores (SRE), Marcelo Ebrard, destac\u00f3 la reanudaci\u00f3n del \u201cConvenio de fabricaci\u00f3n y suministro\u201d que fue firmado por la Secretar\u00eda de Salud y la farmac\u00e9utica por un total de 34.4 millones de dosis para 2021.<\/p>\n<p>El canciller calific\u00f3 como una \u201cbuena noticia\u201d la informaci\u00f3n de Pfizer, firma que celebr\u00f3 la recuperaci\u00f3n del presidente Andr\u00e9s Manuel L\u00f3pez Obrador tras haber padecido Covid-19.<\/p>\n<p>Ebrard dijo que la carta de Pfizer a L\u00f3pez Obrador fue enviada por Mar\u00eda Constanza Losada, presidenta y directora general de la farmac\u00e9utica.<\/p>\n<p>\u201cEn seguimiento a nuestra comunicaci\u00f3n con el Secretario de Salud de fecha del 29 de enero y con base al Convenio de fabricaci\u00f3n y suministro, firmado entre la Secretar\u00eda de Salud y Pfizer Export , B.V, por un total de 34.4 millones de dosis para 2021.<\/p>\n<p>\u201cPor este medio le confirmo que la semana del 15 de febrero se realizar\u00e1 el env\u00edo de las 491 mil 400 dosis, con las que retomaremos la recepci\u00f3n semanal de vacunas en M\u00e9xico. Nuevamente agradecemos su comprensi\u00f3n ante esta eventualidad\u201d, dice la carta.<\/p>\n<p>El lunes, el primer mandatario destac\u00f3 que Pfizer reanudar\u00eda en los pr\u00f3ximos d\u00edas el env\u00edo de dosis para continuar con el proceso de inmunizar al personal m\u00e9dico que combate la pandemia y as\u00ed iniciar con los adultos mayores.<\/p>\n<p>De acuerdo con la Secretar\u00eda de Salud, al d\u00eda de ayer en M\u00e9xico se han aplicado 717 mil 820 vacunas contra SARS-CoV-2; adem\u00e1s, que 79 mil 429 ya recibieron la segunda dosis.<\/p>\n","protected":false},"excerpt":{"rendered":"<p>Tras tres semanas de la suspensi\u00f3n de env\u00edos de vacunas a M\u00e9xico, la farmac\u00e9utica Pfizer confirm\u00f3 que el pr\u00f3ximo 15 de febrero los reanudar\u00e1 con un cargamento de 491 mil 400 dosis.<\/p>\n","protected":false},"author":3,"featured_media":496029,"comment_status":"open","ping_status":"open","sticky":false,"template":"","format":"standard","meta":{"_monsterinsights_skip_tracking":false,"_monsterinsights_sitenote_active":false,"_monsterinsights_sitenote_note":"","_monsterinsights_sitenote_category":0,"footnotes":""},"categories":[877],"tags":[44,91783,43692,428],"class_list":["post-495877","post","type-post","status-publish","format-standard","has-post-thumbnail","hentry","category-salud","tag-mexico","tag-pfizer","tag-salud","tag-vacunas"],"_links":{"self":[{"href":"https:\/\/www.diarioimagen.net\/index.php?rest_route=\/wp\/v2\/posts\/495877","targetHints":{"allow":["GET"]}}],"collection":[{"href":"https:\/\/www.diarioimagen.net\/index.php?rest_route=\/wp\/v2\/posts"}],"about":[{"href":"https:\/\/www.diarioimagen.net\/index.php?rest_route=\/wp\/v2\/types\/post"}],"author":[{"embeddable":true,"href":"https:\/\/www.diarioimagen.net\/index.php?rest_route=\/wp\/v2\/users\/3"}],"replies":[{"embeddable":true,"href":"https:\/\/www.diarioimagen.net\/index.php?rest_route=%2Fwp%2Fv2%2Fcomments&post=495877"}],"version-history":[{"count":0,"href":"https:\/\/www.diarioimagen.net\/index.php?rest_route=\/wp\/v2\/posts\/495877\/revisions"}],"wp:featuredmedia":[{"embeddable":true,"href":"https:\/\/www.diarioimagen.net\/index.php?rest_route=\/wp\/v2\/media\/496029"}],"wp:attachment":[{"href":"https:\/\/www.diarioimagen.net\/index.php?rest_route=%2Fwp%2Fv2%2Fmedia&parent=495877"}],"wp:term":[{"taxonomy":"category","embeddable":true,"href":"https:\/\/www.diarioimagen.net\/index.php?rest_route=%2Fwp%2Fv2%2Fcategories&post=495877"},{"taxonomy":"post_tag","embeddable":true,"href":"https:\/\/www.diarioimagen.net\/index.php?rest_route=%2Fwp%2Fv2%2Ftags&post=495877"}],"curies":[{"name":"wp","href":"https:\/\/api.w.org\/{rel}","templated":true}]}}