{"id":495902,"date":"2021-02-10T00:07:41","date_gmt":"2021-02-10T06:07:41","guid":{"rendered":"https:\/\/www.diarioimagen.net\/?p=495902"},"modified":"2021-02-11T02:01:27","modified_gmt":"2021-02-11T08:01:27","slug":"primer-informe-de-desarrollo-estrategico-del-presidente-del-tribunal-superior-de-justicia","status":"publish","type":"post","link":"https:\/\/www.diarioimagen.net\/?p=495902","title":{"rendered":"Primer Informe de Desarrollo Estrat\u00e9gico del Presidente del Tribunal Superior de Justicia"},"content":{"rendered":"<p><strong>\u00a0<\/strong><\/p>\n<ul>\n<li><em><strong>Avanza Edomex en la construcci\u00f3n de una justicia m\u00e1s accesible y en un estado m\u00e1s justo y equitativo: Del Mazo<\/strong><\/em><\/li>\n<\/ul>\n<p>&nbsp;<\/p>\n<div id=\"attachment_496035\" style=\"width: 470px\" class=\"wp-caption aligncenter\"><a href=\"https:\/\/www.diarioimagen.net\/?attachment_id=496035\" rel=\"attachment wp-att-496035\"><img loading=\"lazy\" decoding=\"async\" aria-describedby=\"caption-attachment-496035\" class=\"size-full wp-image-496035\" src=\"https:\/\/www.diarioimagen.net\/wp-content\/uploads\/2021\/02\/DEL-MAZO.jpg\" alt=\"\" width=\"460\" height=\"270\" \/><\/a><p id=\"caption-attachment-496035\" class=\"wp-caption-text\">Alfredo Del Mazo Maza asisti\u00f3 al Primer Informe de Desarrollo Estrat\u00e9gico, del Presidente del Tribunal Superior de Justicia y del Consejo de la Judicatura del estado, Ricardo Sodi Cu\u00e9llar.<\/p><\/div>\n<p>&nbsp;<\/p>\n<p><strong>Toluca, Estado de M\u00e9xico.-<\/strong> El gobernador Alfredo Del Mazo Maza asegur\u00f3 que, producto del trabajo de los tres poderes del Estado, la entidad mexiquense avanza en la construcci\u00f3n de una justicia cotidiana y accesible a la ciudadan\u00eda, as\u00ed como en un estado m\u00e1s equitativo y m\u00e1s seguro donde se\u00a0 promueva una justicia para el desarrollo de cada mexiquense.<\/p>\n<p>Al acudir al Primer Informe de Desarrollo Estrat\u00e9gico, del Presidente del Tribunal Superior de Justicia y del Consejo de la Judicatura del estado, Ricardo Sodi Cu\u00e9llar, el gobernador mexiquense consider\u00f3 que los buenos resultados en la impartici\u00f3n de justicia, son el producto de la dedicaci\u00f3n de jueces, magistradas y magistrados, comprometidos con el desarrollo de la sociedad, y que los rezagos que a\u00fan existen deben motivar a redoblar el trabajo.<\/p>\n<p>\u00abEn los \u00faltimos a\u00f1os, el Estado de M\u00e9xico ha avanzado mucho en construir una justicia accesible y cotidiana, de jueces, magistrados comprometidos con las instituciones, el derecho, y el bienestar ciudadano. Existen pendientes y rezagos, que nos deben de motivar a redoblar esfuerzos. La construcci\u00f3n de un Estado de M\u00e9xico cada vez m\u00e1s justo, m\u00e1s equitativo y m\u00e1s seguro, no se detiene\u00bb, extern\u00f3.<\/p>\n<p>En presencia de Luisa Mar\u00eda Alcalde Luj\u00e1n, Secretaria del Trabajo y Previsi\u00f3n Social del Gobierno de M\u00e9xico, Del Mazo Maza apunt\u00f3 que el 2020 ser\u00e1 recordado como un a\u00f1o de desaf\u00edos, en el que el Poder Judicial inici\u00f3 con un liderazgo renovado, una nueva etapa en su historia, y que ante los retos de la emergencia sanitaria ha logrado buenos resultados, producto de la adaptaci\u00f3n de sus funciones a la nueva normalidad, que privilegia el trabajo y los tr\u00e1mites a distancia.<\/p>\n<p>En este sentido, destac\u00f3 que en el \u00faltimo a\u00f1o, esta instituci\u00f3n respondi\u00f3 a la pandemia llevando la causa de la justicia al entorno digital y acelerando su consolidaci\u00f3n como un Tribunal electr\u00f3nico de vanguardia, de tal forma que sus servicios en l\u00ednea se consolidaron y se intensific\u00f3 la capacitaci\u00f3n, reformularon los procesos jur\u00eddicos y reorient\u00f3 su cultura organizacional.<\/p>\n<p>Esta adaptaci\u00f3n, asegur\u00f3, permiti\u00f3 aumentar en 600 por ciento el n\u00famero de firmas electr\u00f3nicas entregadas, la primera adopci\u00f3n digital, y el primer divorcio por mutuo consentimiento, adem\u00e1s de mediaciones y conciliaciones, concursos de oposici\u00f3n, encuentros en los Centros de Convivencia Familiar o procesos de justicia para adolescentes, la incorporaci\u00f3n de pruebas documentales en juicios civiles o la reducci\u00f3n de la edad m\u00ednima para desempe\u00f1arse como mediador, de 30 a 25 a\u00f1os, entre otros logros.<\/p>\n<p>El Gobernador refiri\u00f3 que la contingencia sanitaria ha impuesto una nueva realidad social, que obliga a los Poderes del Estado fortalecer la vinculaci\u00f3n para revisar conjuntamente y con sentido estrat\u00e9gico el marco normativo, e indic\u00f3 que con la suma de esfuerzos y capacidades estas instituciones deben asegurar que la justicia sea m\u00e1s cercana e incluyente para toda la poblaci\u00f3n.<\/p>\n<p>\u00abLos tres poderes sumamos esfuerzos, capacidades y recursos, para asegurar que la justicia mexiquense sea cada vez m\u00e1s cercana, m\u00e1s accesible, y m\u00e1s incluyente. La contingencia, que nos ha impuesto una nueva realidad social, obliga a los Poderes del Estado a fortalecer la vinculaci\u00f3n interinstitucional, para revisar conjuntamente y con sentido estrat\u00e9gico, nuestro marco normativo\u00bb, sostuvo.<\/p>\n<p>En la sede del Tribunal Superior de Justicia estatal, en la capital mexiquense, el Gobernador Del Mazo extern\u00f3 que la justicia es un principio de desarrollo social y comunitario, que obliga al Gobierno a la b\u00fasqueda permanente de una mejor calidad de vida para los ciudadanos.<\/p>\n<p>Alfredo Del Mazo expres\u00f3 en el mensaje que dirigi\u00f3 a magistrados, integrantes del Consejo de la Judicatura, expresidentes de este tribunal y representantes de organismos aut\u00f3nomos, que el Gobierno estatal y el Poder Judicial fortalecen la entrega de t\u00edtulos de propiedad y comparten la determinaci\u00f3n de combatir y erradicar las desigualdades y la violencia de g\u00e9nero, con acciones como el seguimiento y la reeducaci\u00f3n de los agresores de g\u00e9nero, el fortalecimiento digital de la Procuradur\u00eda de Defensa de las Ni\u00f1as, Ni\u00f1os y Adolescentes, un convenio con la Secretar\u00eda de la Mujer que impulsa medidas a favor de la igualdad y la no discriminaci\u00f3n, entre otras medidas.<\/p>\n<p>\u00abAmbos poderes compartimos la determinaci\u00f3n de combatir y erradicar las desigualdades y la violencia de g\u00e9nero, con el compromiso de fortalecer los derechos de las mujeres. Entre nuestras acciones conjuntas destacan el seguimiento y la reeducaci\u00f3n de los agresores de g\u00e9nero, as\u00ed como el fortalecimiento digital de la Procuradur\u00eda de Defensa de las Ni\u00f1as, Ni\u00f1os y Adolescentes\u00bb, puntualiz\u00f3.<\/p>\n<p>Tambi\u00e9n el Gobernador mexiquense hizo un reconocimiento a la tarea del Poder Judicial y de su Presidente, ya que encabeza la transformaci\u00f3n de la justicia, consolidando la transparencia, la eficiencia, la innovaci\u00f3n y el respeto a los derechos humanos como ejes de acci\u00f3n.<\/p>\n<p>En su informe de Desarrollo Estrat\u00e9gico, el Magistrado Ricardo Sodi reconoci\u00f3 a la administraci\u00f3n del mandatario estatal, ya que en equipo han llevado diversos servicios y han hecho m\u00e1s accesible la justicia en todos los rincones del Edom\u00e9x, a trav\u00e9s de las Caravanas por la Justicia Cotidiana.<\/p>\n<p>Recalc\u00f3 que durante la emergencia sanitaria la justicia no se detuvo en el Estado de M\u00e9xico, pues se adaptaron a las exigencias y hoy en d\u00eda se ofrece una amplia gama de servicios en l\u00ednea, y destac\u00f3 el trabajo de sus antecesores por consolidar a esta instituci\u00f3n en beneficio de los mexiquenses.<\/p>\n<p>En este acto, durante el cual se guard\u00f3 un minuto de silencio en memoria de las v\u00edctimas del COVID-19 que pertenec\u00edan a esta instituci\u00f3n, la Secretaria de Gobernaci\u00f3n, Olga S\u00e1nchez Cordero, emiti\u00f3 un mensaje v\u00eda remota para reconocer la labor del poder Judicial mexiquense, y al Gobernador estatal por el respeto irrestricto a los poderes del Estado.<\/p>\n<p>Al evento tambi\u00e9n asistieron Ana\u00eds Burgos Hern\u00e1ndez, Presidenta de la Mesa Directiva de la LX Legislatura del estado, Maurilio Hern\u00e1ndez Gonz\u00e1lez, Presidente de la Junta de Coordinaci\u00f3n Pol\u00edtica de la LX Legislatura mexiquense, Alejandro G\u00f3mez S\u00e1nchez, Fiscal de Justicia estatal, Juan Rodolfo S\u00e1nchez G\u00f3mez, Alcalde de Toluca, Myrna Garc\u00eda Mor\u00f3n, Presidenta del Tribunal de Justicia Administrativa, Rafael Guerra \u00c1lvarez, Presidente de la Comisi\u00f3n Nacional de Tribunales Superiores de Justicia del pa\u00eds, Ernesto Nemer \u00c1lvarez, Secretario General de Gobierno, entre otros integrantes del Gabinete estatal.<\/p>\n","protected":false},"excerpt":{"rendered":"<p>\u00a0 Avanza Edomex en la construcci\u00f3n de una justicia m\u00e1s accesible y en un estado m\u00e1s justo y equitativo: Del Mazo &nbsp; &nbsp; Toluca, Estado de M\u00e9xico.- El gobernador Alfredo Del Mazo Maza asegur\u00f3 que, producto del trabajo de los tres poderes del Estado, la entidad mexiquense avanza en la construcci\u00f3n de una justicia cotidiana [&hellip;]<\/p>\n","protected":false},"author":3,"featured_media":496035,"comment_status":"open","ping_status":"open","sticky":false,"template":"","format":"standard","meta":{"_monsterinsights_skip_tracking":false,"_monsterinsights_sitenote_active":false,"_monsterinsights_sitenote_note":"","_monsterinsights_sitenote_category":0,"footnotes":""},"categories":[5],"tags":[2505,43675,452],"class_list":["post-495902","post","type-post","status-publish","format-standard","has-post-thumbnail","hentry","category-estado-de-mexico","tag-alfredo-del-mazo-maza","tag-estado-de-mexico","tag-toluca"],"_links":{"self":[{"href":"https:\/\/www.diarioimagen.net\/index.php?rest_route=\/wp\/v2\/posts\/495902","targetHints":{"allow":["GET"]}}],"collection":[{"href":"https:\/\/www.diarioimagen.net\/index.php?rest_route=\/wp\/v2\/posts"}],"about":[{"href":"https:\/\/www.diarioimagen.net\/index.php?rest_route=\/wp\/v2\/types\/post"}],"author":[{"embeddable":true,"href":"https:\/\/www.diarioimagen.net\/index.php?rest_route=\/wp\/v2\/users\/3"}],"replies":[{"embeddable":true,"href":"https:\/\/www.diarioimagen.net\/index.php?rest_route=%2Fwp%2Fv2%2Fcomments&post=495902"}],"version-history":[{"count":0,"href":"https:\/\/www.diarioimagen.net\/index.php?rest_route=\/wp\/v2\/posts\/495902\/revisions"}],"wp:featuredmedia":[{"embeddable":true,"href":"https:\/\/www.diarioimagen.net\/index.php?rest_route=\/wp\/v2\/media\/496035"}],"wp:attachment":[{"href":"https:\/\/www.diarioimagen.net\/index.php?rest_route=%2Fwp%2Fv2%2Fmedia&parent=495902"}],"wp:term":[{"taxonomy":"category","embeddable":true,"href":"https:\/\/www.diarioimagen.net\/index.php?rest_route=%2Fwp%2Fv2%2Fcategories&post=495902"},{"taxonomy":"post_tag","embeddable":true,"href":"https:\/\/www.diarioimagen.net\/index.php?rest_route=%2Fwp%2Fv2%2Ftags&post=495902"}],"curies":[{"name":"wp","href":"https:\/\/api.w.org\/{rel}","templated":true}]}}