{"id":495924,"date":"2021-02-10T00:01:37","date_gmt":"2021-02-10T06:01:37","guid":{"rendered":"https:\/\/www.diarioimagen.net\/?p=495924"},"modified":"2021-02-09T23:28:04","modified_gmt":"2021-02-10T05:28:04","slug":"el-poder-desgasta","status":"publish","type":"post","link":"https:\/\/www.diarioimagen.net\/?p=495924","title":{"rendered":"El poder desgasta"},"content":{"rendered":"<h2>De pe a pa<\/h2>\n<h5>Alberto Vieyra G.<\/h5>\n<p>&nbsp;<\/p>\n<p>Despu\u00e9s de dos semanas de haber descansado de \u00e9l, AMLO reapareci\u00f3 ellunes en el \u201cteatro de Palacio\u201d con una carita de <em>enga\u00f1a veinte<\/em> y sin cubrebocas. El mensaje de AMLO es subliminal \u201cv\u00e9anme, ya estoy bien\u201d, \u201cel coronavirus es un simple catarrito\u201d \u201cyo, ya no contamino\u201d. L\u00f3gico, el mal ejemplo del Presidente ser\u00e1 seguido por millones de ingenuos que se tragar\u00e1n la p\u00edldora y muchos de ellos seguramente morir\u00e1n por bajar la guardia, no usando el cubrebocas.<\/p>\n<p>S\u00ed, la cara de AMLO refleja odio, hartazgo, enfado, desgaste, mucho desgaste pol\u00edtico y emocional. No puede con su neurosis y tan no puede con su veneno que arremeter\u00eda contra los \u201cconservadores fif\u00eds\u201d, \u201clos intelectuales org\u00e1nicos\u201d y todos quienes no piensan como \u00e9l y menos quienes lo criticamos.<\/p>\n<p>En materia sociol\u00f3gica, los estudiosos saben que el poder desgasta haciendo que \u201clas bestias terminen devor\u00e1ndose a s\u00ed mismas\u201d, seg\u00fan la tesis del escritor Mario Benedetti. Tanto desgasta el poder, que a muchos gobernantes los deslegitima en poder, por no poder.<\/p>\n<p>AMLO lleg\u00f3 al poder legitimado de origen con m\u00e1s del 52% de la votaci\u00f3n nacional, pero sus pifias, su monumental mitoman\u00eda, su odio y divisi\u00f3n que siembra entre la sociedad mexicana, sus err\u00e1ticas pol\u00edticas p\u00fablicas y sus regresivas reformas a leyes y a la constituci\u00f3n, am\u00e9n de su criminal negligencia en el tratamiento de la pandemia del coronavirus que hoy ubica a M\u00e9xico como la primera naci\u00f3n con m\u00e1s mortandad a nivel mundial, con un porcentaje del 8.6 %, superando a Per\u00fa, con 3.6%; Italia, con 3.5%; Sud\u00e1frica, con 3%; Inglaterra, con 2.8%; Indonesia, con 2.7%; Colombia y Canad\u00e1, con 2.6 por ciento, de acuerdo con datos duros de la universidad de Johns Hopkins y con base sus registros en los \u00faltimos 7 d\u00edas, todo eso deslegitim\u00f3 a AMLO.<\/p>\n<p>Otras tesis sociol\u00f3gicas sostienen que hay gobernantes que llegan al poder deslegitimados de origen, es decir con votaciones p\u00edrricas de menos del 50%, pero ya en el poder llevan a cabo acciones de gobierno que merecen el respeto ciudadano y terminan legitim\u00e1ndose en el poder.<\/p>\n<p>Barack Obama, el presidente n\u00famero 44 de los Estados Unidos, hace una comparaci\u00f3n muy real entre los gobernantes y los autom\u00f3viles nuevos. Obama sostiene que un autom\u00f3vil nuevo se deval\u00faa desde el momento en que al comprador le entregan las llaves del auto y en cuanto sale de la agencia, el veh\u00edculo se deval\u00fao en m\u00e1s de un 25%, fen\u00f3meno que ocurre tambi\u00e9n con los gobernantes que apenas se sientan en el trono y se creen dioses, olvidando que el poder desgasta y deval\u00faa. Ser\u00eda bueno que alguien le tradujera a AMLO el libro en el que habla Obama sobre esta tesis.<\/p>\n<p>S\u00f3lo unos cuantos medios de comunicaci\u00f3n que reciben millonarios embutes de la presidencia de M\u00e9xico para que hablen bien de AMLO, para que callen lo que deben de callar del poder y del desgaste pol\u00edtico del Presidente, hablando de cuestiones fr\u00edvolas haciendo creer a la gente que todo va requet\u00e9bien en M\u00e9xico con los \u201cotros datos\u201d del Presidente de la Rep\u00fablica, pero en su gran mayor\u00eda la prensa libre habla horrores de AMLO, incluyendo la influyente prensa extranjera. Por ejemplo, <em>The Financial Times<\/em> habla pestes de la reforma que AMLO empuja para nacionalizar las empresas que producen energ\u00edas limpias para hacer de la Comisi\u00f3n Federal de Electricidad todo un monopolio sin competencia, aunque el Estado mexicano tenga que subsidiar a la CFE y a Pemex como dos barriles sin fondo y con la advertencia de que la reforma el\u00e9ctrica de AMLO encarecer\u00e1 la luz en M\u00e9xico, los <em>gasolinazos<\/em> son todos los d\u00edas con el cobro al cien por ciento de los impuestos a las gasolinas, con el cual recaudo en el \u00faltimo a\u00f1o casi 300 mil millones de pesos, sin que los mexicanos se percaten de que los gasolinazos son el pan nuestro de cada d\u00eda.<\/p>\n<p>El <em>Financial Times<\/em> dice que nadie en M\u00e9xico ha podido parar a AMLO y se pregunta si ser\u00e1 Joe Biden el que tenga que pararlo ante las inminentes violaciones al T-MEC. La cuesti\u00f3n es que AMLO regres\u00f3 al \u201cteatro de Palacio\u201d para seguir cavando aceleradamente la tumba de M\u00e9xico.<\/p>\n<p><a href=\"mailto:info@agenciamn.com\" target=\"_blank\" rel=\"noopener noreferrer\"><em>info@agenciamn.com<\/em><\/a><\/p>\n","protected":false},"excerpt":{"rendered":"<p><span style=\"color: #005497;\"><strong>Alberto Vieyra G.<\/strong><\/span><\/p>\n","protected":false},"author":3,"featured_media":0,"comment_status":"open","ping_status":"open","sticky":false,"template":"","format":"standard","meta":{"_monsterinsights_skip_tracking":false,"_monsterinsights_sitenote_active":false,"_monsterinsights_sitenote_note":"","_monsterinsights_sitenote_category":0,"footnotes":""},"categories":[4596],"tags":[43697,4597,43674],"class_list":["post-495924","post","type-post","status-publish","format-standard","hentry","category-alberto-vieyra-g","tag-alberto-vieyra-g","tag-de-pe-a-pa","tag-opinion"],"_links":{"self":[{"href":"https:\/\/www.diarioimagen.net\/index.php?rest_route=\/wp\/v2\/posts\/495924","targetHints":{"allow":["GET"]}}],"collection":[{"href":"https:\/\/www.diarioimagen.net\/index.php?rest_route=\/wp\/v2\/posts"}],"about":[{"href":"https:\/\/www.diarioimagen.net\/index.php?rest_route=\/wp\/v2\/types\/post"}],"author":[{"embeddable":true,"href":"https:\/\/www.diarioimagen.net\/index.php?rest_route=\/wp\/v2\/users\/3"}],"replies":[{"embeddable":true,"href":"https:\/\/www.diarioimagen.net\/index.php?rest_route=%2Fwp%2Fv2%2Fcomments&post=495924"}],"version-history":[{"count":0,"href":"https:\/\/www.diarioimagen.net\/index.php?rest_route=\/wp\/v2\/posts\/495924\/revisions"}],"wp:attachment":[{"href":"https:\/\/www.diarioimagen.net\/index.php?rest_route=%2Fwp%2Fv2%2Fmedia&parent=495924"}],"wp:term":[{"taxonomy":"category","embeddable":true,"href":"https:\/\/www.diarioimagen.net\/index.php?rest_route=%2Fwp%2Fv2%2Fcategories&post=495924"},{"taxonomy":"post_tag","embeddable":true,"href":"https:\/\/www.diarioimagen.net\/index.php?rest_route=%2Fwp%2Fv2%2Ftags&post=495924"}],"curies":[{"name":"wp","href":"https:\/\/api.w.org\/{rel}","templated":true}]}}