{"id":495936,"date":"2021-02-10T00:03:44","date_gmt":"2021-02-10T06:03:44","guid":{"rendered":"https:\/\/www.diarioimagen.net\/?p=495936"},"modified":"2021-02-09T23:33:34","modified_gmt":"2021-02-10T05:33:34","slug":"aspirantes-neofitos-al-congreso","status":"publish","type":"post","link":"https:\/\/www.diarioimagen.net\/?p=495936","title":{"rendered":"Aspirantes ne\u00f3fitos, al Congreso"},"content":{"rendered":"<h2>Centro..!<\/h2>\n<h5>Arturo R\u00edos Ruiz<\/h5>\n<p>&nbsp;<\/p>\n<ul>\n<li><strong><em>Cantantes, luchadores y dem\u00e1s<\/em><\/strong><\/li>\n<li><em><strong>Tenemos partidos insulsos<\/strong> <\/em><\/li>\n<\/ul>\n<p>&nbsp;<\/p>\n<p>La misi\u00f3n de todo legislador: \u201cLograr un trabajo constituyente con capacidad de respuesta y de gesti\u00f3n a las demandas y necesidades ciudadanas que permita contribuir al desarrollo del estado, al bienestar y seguridad de la sociedad, poniendo como eje del trabajo a la persona y su dignidad\u201d.<\/p>\n<p>Este a\u00f1o, elegiremos a 500 diputados federales, 15 gubernaturas, 1.063 diputados de 30 congresos locales y 1.926 ayuntamientos en 30 estados. Ser\u00e1n las elecciones m\u00e1s grandes de la historia.<\/p>\n<p>De acuerdo al INE, est\u00e1n convocados casi 95 millones de electores registrados, \u201ccinco millones m\u00e1s de personas m\u00e1s que en 2018\u201d.<\/p>\n<p>En 2021 participar\u00e1n los partidos, Morena, PAN, PRI, PT, PVEM, Movimiento, MC y Encuentro Solidario. En otros tiempos tuvimos en las c\u00e1maras a <em>La Tigresa,<\/em> Carmen Salinas, al <em>Rat\u00f3n<\/em> Mac\u00edas y otros por el estilo.<\/p>\n<p>Los propios partidos son los depredadores del ideario de todo legislador, pues lo que menos les interesa es que los aspirantes tengan experiencia legislativa. Les interesa la fama para ganar votos irrazonados.<\/p>\n<p>Otra vez, Los \u00f3rganos pol\u00edticos han postulado a\u00a0deportistas, c\u00f3micos, luchadores, cantantes y actores\u00a0para convertir su aspiraci\u00f3n por un cargo, cuya importancia desconocen y discapacitados para cumplirle a sus seguidores.<\/p>\n<p>Est\u00e1n en las listas Carlos Villagr\u00e1n, el famoso <em>Quico,<\/em> el del <em>Chavo del 8<\/em>, buscar\u00e1 la\u00a0gubernatura de Quer\u00e9taro\u00a0bajo las siglas del partido local \u201cQuer\u00e9taro Independiente\u201d. Y en esa misma plaza ir\u00e1 por la alcald\u00eda de la capital, el ex portero americanista, Adolfo R\u00edos, por el Verde Ecologista.<\/p>\n<p>El que no se midi\u00f3 es Redes Sociales Progresistas, RSP, llevar\u00e1 al actor\u00a0Alfredo Adame\u00a0por la\u00a0alcald\u00eda de Tlalpan; el luchador <em>Tinieblas junior<\/em>, Venustiano Carranza, en tanto que la boxeadora\u00a0Mariana <em>La Barbie<\/em> Ju\u00e1rez va por una diputaci\u00f3n federal.<\/p>\n<p>Adem\u00e1s, la actriz cubana Malillany Mar\u00edn ir\u00e1 por la demarcaci\u00f3n de Miguel Hidalgo, el\u00a0luchador <em>Car\u00edstico<\/em> para Cuauht\u00e9moc, y el ex vocalista de Los \u00c1ngeles Azules,\u00a0H\u00e9ctor Hern\u00e1ndez, por la alcald\u00eda de Iztapalapa.<\/p>\n<p><strong>\u00a0<\/strong>Otro m\u00e1s, es el\u00a0luchador <em>Blue Demon junior<\/em>, el cual se anot\u00f3 para ser diputado federal\u00a0de RSP, al igual que el escultor Sebasti\u00e1n.<\/p>\n<p>Por ah\u00ed faltan Jorge Campos el popular ex portero, Paul Vel\u00e1zquez Ben\u00edtez, \u201cel reportero con el pegote en el ojo\u201d, se registr\u00f3 diputaci\u00f3n federal plurinominal por\u00a0Morena, desde su parche va la falsedad<em>; Paquita la del barrio<\/em>, est\u00e1 por ser nominada\u2026 \u00bfEsos partidos y futuros diputados son lo que nos merecemos? Ojal\u00e1 se d\u00e9 lugar al voto razonado.<\/p>\n<p>Esta superfluidad de los que dirigen los partidos, los coloca como inefables, por lo inexplicable en sus discursos que ofrecen una gama de lindezas que son pura falsedad. Son los principales responsables del deterioro y retraso pol\u00edtico el pa\u00eds.<\/p>\n<p><em><a href=\"mailto:rrrart2000@hotmail.com\" target=\"_blank\" rel=\"noopener noreferrer\">rrrart2000@hotmail.com<\/a><\/em><\/p>\n","protected":false},"excerpt":{"rendered":"<p><span style=\"color: #005497;\"><strong>Arturo R\u00edos Ruiz<\/strong><\/span><\/p>\n","protected":false},"author":3,"featured_media":0,"comment_status":"open","ping_status":"open","sticky":false,"template":"","format":"standard","meta":{"_monsterinsights_skip_tracking":false,"_monsterinsights_sitenote_active":false,"_monsterinsights_sitenote_note":"","_monsterinsights_sitenote_category":0,"footnotes":""},"categories":[82265],"tags":[82266,10806,43674],"class_list":["post-495936","post","type-post","status-publish","format-standard","hentry","category-arturo-rios-ruiz","tag-arturo-rios-ruiz","tag-centro","tag-opinion"],"_links":{"self":[{"href":"https:\/\/www.diarioimagen.net\/index.php?rest_route=\/wp\/v2\/posts\/495936","targetHints":{"allow":["GET"]}}],"collection":[{"href":"https:\/\/www.diarioimagen.net\/index.php?rest_route=\/wp\/v2\/posts"}],"about":[{"href":"https:\/\/www.diarioimagen.net\/index.php?rest_route=\/wp\/v2\/types\/post"}],"author":[{"embeddable":true,"href":"https:\/\/www.diarioimagen.net\/index.php?rest_route=\/wp\/v2\/users\/3"}],"replies":[{"embeddable":true,"href":"https:\/\/www.diarioimagen.net\/index.php?rest_route=%2Fwp%2Fv2%2Fcomments&post=495936"}],"version-history":[{"count":0,"href":"https:\/\/www.diarioimagen.net\/index.php?rest_route=\/wp\/v2\/posts\/495936\/revisions"}],"wp:attachment":[{"href":"https:\/\/www.diarioimagen.net\/index.php?rest_route=%2Fwp%2Fv2%2Fmedia&parent=495936"}],"wp:term":[{"taxonomy":"category","embeddable":true,"href":"https:\/\/www.diarioimagen.net\/index.php?rest_route=%2Fwp%2Fv2%2Fcategories&post=495936"},{"taxonomy":"post_tag","embeddable":true,"href":"https:\/\/www.diarioimagen.net\/index.php?rest_route=%2Fwp%2Fv2%2Ftags&post=495936"}],"curies":[{"name":"wp","href":"https:\/\/api.w.org\/{rel}","templated":true}]}}