{"id":495937,"date":"2021-02-10T00:03:36","date_gmt":"2021-02-10T06:03:36","guid":{"rendered":"https:\/\/www.diarioimagen.net\/?p=495937"},"modified":"2021-02-09T23:38:12","modified_gmt":"2021-02-10T05:38:12","slug":"magisterio-mexiquense-dividido","status":"publish","type":"post","link":"https:\/\/www.diarioimagen.net\/?p=495937","title":{"rendered":"Magisterio mexiquense, dividido"},"content":{"rendered":"<h2>Espacio Electoral<\/h2>\n<h5>Eleazar Flores<\/h5>\n<p>&nbsp;<\/p>\n<p><strong>\u00bfDIVIDIDO?-.<\/strong> La importancia -docente y pol\u00edtica- del magisterio mexiquense se dimensiona en que entre federales y estatales hay unos 200 mil mentores que atienden a aproximadamente cuatro millones y medio de alumnos que estudian en m\u00e1s de treinta mil planteles.<\/p>\n<p>Desde el \u00e1ngulo\u00a0 gremial, los estatales est\u00e1n afiliados al Sindicato de Maestros del Estado de M\u00e9xico y los federales a las secciones 17 y 36 del Sindicato Nacional de Trabajadores de la Educaci\u00f3n, SNTE. Vale considerar c\u00e9lulas min\u00fasculas de la CNTE en el valle de M\u00e9xico principalmente.<\/p>\n<p><strong>SNTE-.<\/strong> Procede citar al margen que de la secci\u00f3n 36 con presencia mayor en el Valle de M\u00e9xico, que comprende todas las escuelas de educaci\u00f3n b\u00e1sica -de preescolar a secundaria y tecnol\u00f3gica- sali\u00f3 la figura siempre poderosa y hoy en recuperaci\u00f3n pol\u00edtica, la profesora chiapaneca Elba Esther Gordillo Morales, mentora en Nezahualc\u00f3yotl\u00a0 y posteriormente dirigente sindical.<\/p>\n<p>En breve an\u00e1lisis el magisterio estatal significa el 60 por ciento de las plazas y el federal llega a un cuarenta por ciento, ocup\u00e1ndose en el Valle de Toluca de las escuelas rurales y lejanas.<\/p>\n<p><strong>SMSEM-.<\/strong> El Sindicato de Maestros al Servicio del Estado de M\u00e9xico desde su nacimiento mostr\u00f3 ser un brazo docente y pol\u00edtico del gobierno en turno, que hasta ahora siempre lo ha tenido el PRI desde 1929 a la fecha. Tuvo dirigentes sindicales con fuerza real que la transmit\u00eda el gobernador, tanto que de la secretar\u00eda general del sindicato pasaba a dirigir la Educaci\u00f3n estatal.<\/p>\n<p>Siempre priistas, los dirigentes mantuvieron fuerza y control hasta principios de este siglo y milenio con la llegada de la profesora Trinidad Franco Arpero, primera mujer en alcanzar la secretar\u00eda general, luchona y confrontativa, tanto que con el tiempo sali\u00f3 del PRI al no alcanzar una diputaci\u00f3n, que ven\u00eda siendo una tradici\u00f3n darla al magisterio.<\/p>\n<p>Trini se ali\u00f3 con otro priista rebelde, Isidro Pastor, y se fue a la oposici\u00f3n, la \u201crescat\u00f3\u201d un tiempo Eruviel \u00c1vila y al poco tiempo sali\u00f3. La Franco dej\u00f3 en el sindicato a su incondicional Fernando Zamora Morales que fue diputado local y federal as\u00ed como alcalde toluco pero perdi\u00f3 ante el PAN.<\/p>\n<p><strong>SARON\u00c9-.<\/strong> De los dem\u00e1s dirigentes ni hablar pues ni las bases los recuerdan por lo que la salida del ex secretario general del SMSEM Abraham Saron\u00e9 para irse a Morena afectar\u00e1,pero en m\u00ednima parte, con decirle que muchos mentores estatales a\u00fan recuerdan a sus l\u00edderes de anta\u00f1o como Sixto\u00a0 Noguez, Manuel Hinojosa, Mario Dom\u00ednguez, H\u00e9ctor Luna y mejor le paro.<\/p>\n<p>El pase de Saron\u00e9 del PRI a Morena lo avalaron Maurilio Hern\u00e1ndez, Higinio Mart\u00ednez del valle de M\u00e9xico y la alcaldesa de Metepec que busca la reelecci\u00f3n Gabriela Gamboa.<\/p>\n<p><em><a href=\"mailto:elefa44@gmail.com\" target=\"_blank\" rel=\"noopener noreferrer\">elefa44@gmail.com<\/a><\/em><\/p>\n","protected":false},"excerpt":{"rendered":"<p><span style=\"color: #005497;\"><strong>Eleazar Flores<\/strong><\/span><\/p>\n","protected":false},"author":3,"featured_media":0,"comment_status":"open","ping_status":"open","sticky":false,"template":"","format":"standard","meta":{"_monsterinsights_skip_tracking":false,"_monsterinsights_sitenote_active":false,"_monsterinsights_sitenote_note":"","_monsterinsights_sitenote_category":0,"footnotes":""},"categories":[81743],"tags":[81744,81776,43674],"class_list":["post-495937","post","type-post","status-publish","format-standard","hentry","category-eleazar-flores","tag-eleazar-flores","tag-espacio-electoral","tag-opinion"],"_links":{"self":[{"href":"https:\/\/www.diarioimagen.net\/index.php?rest_route=\/wp\/v2\/posts\/495937","targetHints":{"allow":["GET"]}}],"collection":[{"href":"https:\/\/www.diarioimagen.net\/index.php?rest_route=\/wp\/v2\/posts"}],"about":[{"href":"https:\/\/www.diarioimagen.net\/index.php?rest_route=\/wp\/v2\/types\/post"}],"author":[{"embeddable":true,"href":"https:\/\/www.diarioimagen.net\/index.php?rest_route=\/wp\/v2\/users\/3"}],"replies":[{"embeddable":true,"href":"https:\/\/www.diarioimagen.net\/index.php?rest_route=%2Fwp%2Fv2%2Fcomments&post=495937"}],"version-history":[{"count":0,"href":"https:\/\/www.diarioimagen.net\/index.php?rest_route=\/wp\/v2\/posts\/495937\/revisions"}],"wp:attachment":[{"href":"https:\/\/www.diarioimagen.net\/index.php?rest_route=%2Fwp%2Fv2%2Fmedia&parent=495937"}],"wp:term":[{"taxonomy":"category","embeddable":true,"href":"https:\/\/www.diarioimagen.net\/index.php?rest_route=%2Fwp%2Fv2%2Fcategories&post=495937"},{"taxonomy":"post_tag","embeddable":true,"href":"https:\/\/www.diarioimagen.net\/index.php?rest_route=%2Fwp%2Fv2%2Ftags&post=495937"}],"curies":[{"name":"wp","href":"https:\/\/api.w.org\/{rel}","templated":true}]}}