{"id":495948,"date":"2021-02-10T00:12:42","date_gmt":"2021-02-10T06:12:42","guid":{"rendered":"https:\/\/www.diarioimagen.net\/?p=495948"},"modified":"2021-02-10T00:13:48","modified_gmt":"2021-02-10T06:13:48","slug":"interpreta-mi-silencio-dicen-facebook-twitter-y-otras-a-monreal","status":"publish","type":"post","link":"https:\/\/www.diarioimagen.net\/?p=495948","title":{"rendered":"Interpreta mi silencio, dicen Facebook, Twitter y otras a Monreal"},"content":{"rendered":"<h2>Tras la puerta del poder<\/h2>\n<h5>Roberto Vizca\u00edno<\/h5>\n<p>&nbsp;<\/p>\n<p>Hace menos de una semana <strong>Ricardo Monreal<\/strong> inform\u00f3 que se reunir\u00eda con los representantes de <strong>Facebook<\/strong>, <strong>Twitter<\/strong> y otras redes sociales en M\u00e9xico, pero hasta hoy ninguna de las partes ha revelado que se dijo en ese encuentro.<\/p>\n<p>De esa fecha a hoy, <strong>Monreal<\/strong> ha continuado con su intenci\u00f3n de que el gobierno de la 4T regule la operaci\u00f3n de esos monstruos globales de la comunicaci\u00f3n en M\u00e9xico y ya habla incluso de que habr\u00eda multas de hasta casi 90 millones de pesos impuestas por el Instituto Federal de Telecomunicaciones, que ser\u00eda el \u00f3rgano controlador.<\/p>\n<p>Como lo prometi\u00f3, el zacatecano circul\u00f3 a inicios de esta semana por estas mismas redes sociales su iniciativa para controlarlas.<\/p>\n<p>Sobrevinieron de inmediato muchos comentarios de personajes, grupos y organizaciones sobre los alcances reales, efectos y consecuencias de esta propuesta.<\/p>\n<p>Los \u00fanicos que no han opinado nada hasta el momento son justamente las redes sociales, objeto de la iniciativa de <strong>Monreal<\/strong>. El silencio de <strong>Facebook<\/strong>, <strong>Twitter<\/strong>, <strong>WhatsApp<\/strong>, <strong>Instagram<\/strong> y otros podr\u00eda ser todo un mensaje y respuesta.<\/p>\n<p>\u00bfDesd\u00e9n? \u00bfArrogancia? \u00bfPrudencia? \u00bfSensatez? \u00bfQu\u00e9 hay detr\u00e1s?<\/p>\n<p>Las respuestas de estas redes en otros pa\u00edses, donde sus due\u00f1os y CEO han incluso comparecido ante comit\u00e9s senatoriales, es de que, en un sistema democr\u00e1tico, ellos simplemente son empresas que pagan impuestos donde facturan y se acab\u00f3.<\/p>\n<p>Proporcionan un servicio en el que nada tiene que ver el derecho a la informaci\u00f3n o la libertad de expresi\u00f3n, <strong>porque no son entidades p\u00fablicas<\/strong>.<\/p>\n<p>Tienen c\u00f3digos \u00e9ticos y morales simples como el de no permitir las mentiras, la violencia en cualquiera de sus formas, la ofensa, o la incitaci\u00f3n al terrorismo. Y quien las incumpla, pues queda fuera del servicio. Nada de violaci\u00f3n a derechos humanos, insisto, porque no son empresas gubernamentales.<\/p>\n<p>Sus reglamentos comerciales y \u00e9ticos son internos y aquellos usuarios que no se ajusten a ellos, pueden ser desconectados y tan-tan. Como ocurri\u00f3 en el caso de <strong>Donald Trump,<\/strong> cuando difundi\u00f3 mensajes <em>fake<\/em> que incitaban a la violencia.<\/p>\n<p>Si uno ve la iniciativa de <strong>Monreal,<\/strong> el zacatecano plantea establecer m\u00e1s o menos el mismo c\u00f3digo, para que sea el <strong>IFT<\/strong> y no <strong>Facebook<\/strong> o <strong>Twitter<\/strong> la que diga que hay que bajarle el <strong><em>switch<\/em><\/strong><em> a<\/em>l que lo viole. Y uno se pregunta: para qu\u00e9 burocratizar algo que ya est\u00e1 establecido y opera relativamente bien.<\/p>\n<p>Sobre todo, cuando los usuarios de esas redes, al iniciar su inscripci\u00f3n y uso de estos servicios, firman de aceptaci\u00f3n o simplemente no pueden acceder a estas redes. As\u00ed de simple.<\/p>\n<p>Hasta ahora, gobiernos como el de Estados Unidos, Canad\u00e1, Inglaterra, Espa\u00f1a, Francia y Alemania y la Uni\u00f3n Europea entre otros, han intentado someterlos sin \u00e9xito a regulaciones como las que impulsa ahora aqu\u00ed <strong>Ricardo Monreal<\/strong> con su iniciativa, todav\u00eda no presentada al Pleno del Senado.<\/p>\n<p style=\"text-align: center;\"><strong>Pero, \u00bfqu\u00e9 quiere Monreal?<\/strong><\/p>\n<ol>\n<li>Que el Instituto Federal de Telecomunicaciones -o sea el gobierno federal, en este caso el de <strong>AMLO<\/strong>-, autorice y fije reglas, y sanciones, a <strong>Facebook<\/strong>, <strong>Twitter,<\/strong> <strong>WhatsApp<\/strong>, <strong>Instagram<\/strong> y todas las redes sociales para operar en M\u00e9xico. Eso supone que podr\u00eda prohibirse, o limitarse entrar a este pa\u00eds.<\/li>\n<li>Estas redes no podr\u00edan modificar los t\u00e9rminos y condiciones de servicio, sin la previa aprobaci\u00f3n del regulador.<\/li>\n<li>Una vez cumplido el tr\u00e1mite, no podr\u00edan suspender una cuenta o perfil, eliminar un contenido o, en su caso, cancelar en forma definitiva una cuenta, sin la autorizaci\u00f3n del IFT. Eso los obligar\u00eda a todos a vivir los oscuros laberintos de los tribunales.<\/li>\n<li>La autorizaci\u00f3n del <strong>IFT<\/strong> para operar, obligar\u00eda a esas redes a contemplar que las limitaciones a la libre expresi\u00f3n sean consistentes con los art\u00edculos 6\u00ba y 7\u00ba de la Constituci\u00f3n de M\u00e9xico, los establecido por tratados internacionales suscritos en la materia; la legislaci\u00f3n nacional y la jurisprudencia emitida por la Suprema Corte de Justicia de la Naci\u00f3n; los que protegen los derechos de los menores de edad, la obligaci\u00f3n a eliminar los mensajes de odio, evitar las noticias falsas y\u00a0 proteger los datos personales, seg\u00fan leyes de la materia y \u201clas dem\u00e1s de orden e inter\u00e9s p\u00fablico que establezcan los lineamientos dictados por el instituto\u201d.<\/li>\n<li>La autorizaci\u00f3n de <strong>IFT<\/strong> las obliga a permitir que sus usuarios puedan impugnar la suspensi\u00f3n de su cuenta o perfil, la eliminaci\u00f3n de su contenido o la cancelaci\u00f3n de su cuenta o perfil. Esta impugnaci\u00f3n la debe resolver la empresa en un plazo no mayor a 24 horas. Y entonces pasa al <strong>IFT<\/strong> y ser\u00e1 asumida como una violaci\u00f3n a los derechos humanos y violaciones a la libertad de expresi\u00f3n.<\/li>\n<li>Las infracciones ser\u00e1n sancionadas por el <strong>IFT<\/strong> con una multa por el equivalente a un mill\u00f3n de Unidades de Medida y Actualizaci\u00f3n (UMA equivale a 89.62 pesos diarios), por lo que la multa podr\u00eda valer m\u00e1s de 89 millones de pesos.<\/li>\n<\/ol>\n<p>Organismos e instituciones especializadas en estas redes sociales afirman que si algo tienen <strong>Facebook, Instagram, WhatsApp, Twitter, Telegram, TikTok<\/strong>, entre otras, es experiencia en amagos e intentos de control y cuentan con poderosos equipos legales que les han advertido que la iniciativa de <strong>Monreal<\/strong> atenta contra legislaciones comerciales y de derechos humanos nacionales e internacionales y que en todo caso, si se aprueba, ser\u00eda motivo de un proceso en la Suprema Corte de Justicia, porque de entrada, el <strong>IFT<\/strong> no es la instancia que debe resolver cuestiones de derechos humanos, de violaciones a la libertad de expresi\u00f3n e informaci\u00f3n como lo plantea la iniciativa de <strong>Monreal<\/strong>.<\/p>\n<p>Un recurso extremo \u00faltimo de estas redes sociales podr\u00eda ser, retirarse en masa del mercado mexicano lo que plantear\u00eda para el gobierno de <strong>AMLO<\/strong> un problema social, comercial, econ\u00f3mico y pol\u00edtico de proporciones impensadas.<\/p>\n<p>Simplemente no existe nada que las pueda reemplazar en lo que hacen.<\/p>\n<p>Y de ellas depende toda una cultura de comunicaci\u00f3n masiva, el mensaje del novio a la novia, del hijo con sus padres, de \u00e9stos con la escuela, de millones para adquirir servicios o productos, de todos los partidos y sus candidatos para realizar campa\u00f1as electorales, de empresas para realizar transacciones con otras empresas, etc, etc, etc\u2026<\/p>\n<p>Ser\u00eda un desastre infinitamente mayor, m\u00e1s r\u00e1pido y m\u00e1s letal en todos los sentidos que el de la pandemia del coronavirus.<\/p>\n<p style=\"text-align: center;\"><strong>Foro abierto<\/strong><\/p>\n<p>Mientras llegan las decisiones extremas, <strong>Ricardo Monreal<\/strong> ya inici\u00f3 un proceso de Foro Abierto donde se debatir\u00e1 a fondo todas las propuestas, reclamos, advertencias, an\u00e1lisis y opiniones de usuarios, interesados y expertos, por supuesto de las empresas aludidas, para que su iniciativa pase luego al tr\u00e1mite del Pleno.<\/p>\n<p>El escrutinio p\u00fablico ya ha dejado sus primeros resultados, entre ellos la opini\u00f3n favorable del periodista <strong>Javier Tejado<\/strong>, considerado como un experto en telecomunicaciones, quien ve buena y perfectible la propuesta del zacatecano.<\/p>\n<p>El modelo planteado por la iniciativa dice, es similar a otros propuestos en Europa y su regulaci\u00f3n cae justo en el marco de la Ley de Telecomunicaciones.<\/p>\n<p>Pero al igual que los otros analistas, indica que en este caso se pretende que el <strong>IFT<\/strong> sea el que decida sobre el derecho a la expresi\u00f3n y la informaci\u00f3n y pretende garantizar otros derechos que est\u00e1n establecidos para ser abordados en otros organismos jurisdiccionales.<\/p>\n<p style=\"text-align: center;\"><strong>Calendario de sesiones<\/strong><\/p>\n<p>Y mientras estas pol\u00e9micas iniciativas transitan en medio del debate p\u00fablico, la Jucopo estableci\u00f3 el calendario de sesiones para el periodo ordinario ya en curso dentro del Senado.<\/p>\n<p>As\u00ed se inform\u00f3 al Pleno que la agenda de sesiones -en su mayor\u00eda virtuales, a distancia- de este per\u00edodo que comprende del 1 de febrero al \u00faltimo de abril establece la realizaci\u00f3n de 25 sesiones, de las que ya van dos.<\/p>\n<p>La Junta de Coordinaci\u00f3n Pol\u00edtica incluy\u00f3 tres d\u00edas de asueto durante la Semana Santa.<\/p>\n<p><em><a href=\"mailto:rvizcainoa@gmail.com\" target=\"_blank\" rel=\"noopener noreferrer\">rvizcainoa@gmail.com<\/a><br \/>\n<u><a href=\"http:\/\/endirecto.mx\" target=\"_blank\" rel=\"noopener noreferrer\">www.endirecto.mx<\/a><br \/>\n<a href=\"https:\/\/twitter.com\/_rvizcaino\" target=\"_blank\" rel=\"noopener noreferrer\">@_RVizcaino<\/a><br \/>\n<a href=\"https:\/\/www.facebook.com\/rvizcainoa\" target=\"_blank\" rel=\"noopener noreferrer\">facebook.com\/rvizcainoa<\/a><\/u><\/em><\/p>\n","protected":false},"excerpt":{"rendered":"<p><span style=\"color: #005497;\"><strong>Roberto Vizca\u00edno<\/strong><\/span><br \/>\n<br \/>\nHace menos de una semana <strong>Ricardo Monreal<\/strong> inform\u00f3 que se reunir\u00eda con los representantes de <strong>Facebook<\/strong>, <strong>Twitter<\/strong> y otras redes sociales en M\u00e9xico, pero hasta hoy ninguna de las partes ha revelado que se dijo en ese encuentro.<\/p>\n","protected":false},"author":3,"featured_media":0,"comment_status":"open","ping_status":"open","sticky":false,"template":"","format":"standard","meta":{"_monsterinsights_skip_tracking":false,"_monsterinsights_sitenote_active":false,"_monsterinsights_sitenote_note":"","_monsterinsights_sitenote_category":0,"footnotes":""},"categories":[136],"tags":[43674,93,94],"class_list":["post-495948","post","type-post","status-publish","format-standard","hentry","category-roberto-vizcaino-opinion","tag-opinion","tag-roberto-vizcaino","tag-tras-la-puerta-del-poder"],"_links":{"self":[{"href":"https:\/\/www.diarioimagen.net\/index.php?rest_route=\/wp\/v2\/posts\/495948","targetHints":{"allow":["GET"]}}],"collection":[{"href":"https:\/\/www.diarioimagen.net\/index.php?rest_route=\/wp\/v2\/posts"}],"about":[{"href":"https:\/\/www.diarioimagen.net\/index.php?rest_route=\/wp\/v2\/types\/post"}],"author":[{"embeddable":true,"href":"https:\/\/www.diarioimagen.net\/index.php?rest_route=\/wp\/v2\/users\/3"}],"replies":[{"embeddable":true,"href":"https:\/\/www.diarioimagen.net\/index.php?rest_route=%2Fwp%2Fv2%2Fcomments&post=495948"}],"version-history":[{"count":0,"href":"https:\/\/www.diarioimagen.net\/index.php?rest_route=\/wp\/v2\/posts\/495948\/revisions"}],"wp:attachment":[{"href":"https:\/\/www.diarioimagen.net\/index.php?rest_route=%2Fwp%2Fv2%2Fmedia&parent=495948"}],"wp:term":[{"taxonomy":"category","embeddable":true,"href":"https:\/\/www.diarioimagen.net\/index.php?rest_route=%2Fwp%2Fv2%2Fcategories&post=495948"},{"taxonomy":"post_tag","embeddable":true,"href":"https:\/\/www.diarioimagen.net\/index.php?rest_route=%2Fwp%2Fv2%2Ftags&post=495948"}],"curies":[{"name":"wp","href":"https:\/\/api.w.org\/{rel}","templated":true}]}}