{"id":496078,"date":"2021-02-11T00:04:58","date_gmt":"2021-02-11T06:04:58","guid":{"rendered":"https:\/\/www.diarioimagen.net\/?p=496078"},"modified":"2021-02-11T08:19:24","modified_gmt":"2021-02-11T14:19:24","slug":"se-registra-romina-contreras-para-la-presidencia-de-huixquilucan-por-el-pan","status":"publish","type":"post","link":"https:\/\/www.diarioimagen.net\/?p=496078","title":{"rendered":"Se registra Romina Contreras para la presidencia de Huixquilucan, por el PAN"},"content":{"rendered":"<p>&nbsp;<\/p>\n<ul>\n<li><strong><em>\u00danica aspirante a la candidatura<\/em><\/strong><\/li>\n<\/ul>\n<p>&nbsp;<\/p>\n<p>&nbsp;<\/p>\n<div id=\"attachment_496221\" style=\"width: 242px\" class=\"wp-caption alignleft\"><a href=\"https:\/\/www.diarioimagen.net\/?attachment_id=496221\" rel=\"attachment wp-att-496221\"><img loading=\"lazy\" decoding=\"async\" aria-describedby=\"caption-attachment-496221\" class=\" wp-image-496221\" src=\"https:\/\/www.diarioimagen.net\/wp-content\/uploads\/2021\/02\/cuautitlan-3.jpg\" alt=\"\" width=\"232\" height=\"468\" \/><\/a><p id=\"caption-attachment-496221\" class=\"wp-caption-text\">Romina Contreras Carrasco se registr\u00f3 como precandidata a la presidencia municipal por el Partido Acci\u00f3n Nacional.<\/p><\/div>\n<p><strong>Huixquilucan, Estado de M\u00e9xico<\/strong>.- En tiempo y forma, Romina Contreras Carrasco se registr\u00f3 como precandidata a la presidencia municipal por el Partido Acci\u00f3n Nacional.<\/p>\n<p>Derivado de la pandemia por Covid-19 el registro de Romina Contreras se realiz\u00f3 de manera electr\u00f3nica, cumpliendo con todos los requisitos que se adjuntan en la convocatoria.<\/p>\n<p>Previo a su registro que hay que se\u00f1alar fue por unanimidad de la militancia panista, Contreras Carrasco se comprometi\u00f3 a seguir haciendo de Huixquilucan el mejor municipio del estado de M\u00e9xico y un referente a nivel nacional. \u201cEstoy comprometida con las y los huixquiluquenses para continuar trabajando por el bienestar de las familias\u201d.<\/p>\n<p>Romina Contreras Carrasco es maestra en Derecho Corporativo por la Universidad An\u00e1huac y doctorante en Administraci\u00f3n P\u00fablica por la misma instituci\u00f3n. Desde 2016 encabeza el sistema DIF Huixquilucan que le ha permitido trabajar y apoyar a los que m\u00e1s lo necesitan.<\/p>\n<p>Adem\u00e1s, durante su gesti\u00f3n se construy\u00f3 el complejo virgen Rosa M\u00edstica, siendo la obra de salud m\u00e1s grande del pa\u00eds que haya edificado una administraci\u00f3n p\u00fablica municipal.<\/p>\n<p>Durante el registro, Contreras Carrasco, estuvo acompa\u00f1ada por la maestra Teresa Ginez Serrano que ser\u00e1 su compa\u00f1era de f\u00f3rmula, mujeres comprometidas y trabajadoras por un mejor Huixquilucan.<\/p>\n<p><strong>\u00ac\u00ac\u00ac<br \/>\n<\/strong><\/p>\n<p><strong>Romina Contreras Carrasco<\/strong> se registr\u00f3 como precandidata a la presidencia municipal por el Partido Acci\u00f3n Nacional.<\/p>\n","protected":false},"excerpt":{"rendered":"<p>En tiempo y forma, Romina Contreras Carrasco se registr\u00f3 como precandidata a la presidencia municipal por el Partido Acci\u00f3n Nacional.<\/p>\n","protected":false},"author":3,"featured_media":496222,"comment_status":"open","ping_status":"open","sticky":false,"template":"","format":"standard","meta":{"_monsterinsights_skip_tracking":false,"_monsterinsights_sitenote_active":false,"_monsterinsights_sitenote_note":"","_monsterinsights_sitenote_category":0,"footnotes":""},"categories":[5],"tags":[43675,1097,982],"class_list":["post-496078","post","type-post","status-publish","format-standard","has-post-thumbnail","hentry","category-estado-de-mexico","tag-estado-de-mexico","tag-huixquilucan","tag-partido-accion-nacional"],"_links":{"self":[{"href":"https:\/\/www.diarioimagen.net\/index.php?rest_route=\/wp\/v2\/posts\/496078","targetHints":{"allow":["GET"]}}],"collection":[{"href":"https:\/\/www.diarioimagen.net\/index.php?rest_route=\/wp\/v2\/posts"}],"about":[{"href":"https:\/\/www.diarioimagen.net\/index.php?rest_route=\/wp\/v2\/types\/post"}],"author":[{"embeddable":true,"href":"https:\/\/www.diarioimagen.net\/index.php?rest_route=\/wp\/v2\/users\/3"}],"replies":[{"embeddable":true,"href":"https:\/\/www.diarioimagen.net\/index.php?rest_route=%2Fwp%2Fv2%2Fcomments&post=496078"}],"version-history":[{"count":0,"href":"https:\/\/www.diarioimagen.net\/index.php?rest_route=\/wp\/v2\/posts\/496078\/revisions"}],"wp:featuredmedia":[{"embeddable":true,"href":"https:\/\/www.diarioimagen.net\/index.php?rest_route=\/wp\/v2\/media\/496222"}],"wp:attachment":[{"href":"https:\/\/www.diarioimagen.net\/index.php?rest_route=%2Fwp%2Fv2%2Fmedia&parent=496078"}],"wp:term":[{"taxonomy":"category","embeddable":true,"href":"https:\/\/www.diarioimagen.net\/index.php?rest_route=%2Fwp%2Fv2%2Fcategories&post=496078"},{"taxonomy":"post_tag","embeddable":true,"href":"https:\/\/www.diarioimagen.net\/index.php?rest_route=%2Fwp%2Fv2%2Ftags&post=496078"}],"curies":[{"name":"wp","href":"https:\/\/api.w.org\/{rel}","templated":true}]}}