{"id":496084,"date":"2021-02-11T00:01:58","date_gmt":"2021-02-11T06:01:58","guid":{"rendered":"https:\/\/www.diarioimagen.net\/?p=496084"},"modified":"2021-02-11T07:00:27","modified_gmt":"2021-02-11T13:00:27","slug":"inicia-tlalnepantla-tercer-pago-de-becas-municipales-del-ciclo-escolar-2020-2021","status":"publish","type":"post","link":"https:\/\/www.diarioimagen.net\/?p=496084","title":{"rendered":"Inicia Tlalnepantla tercer pago de becas\u00a0municipales del ciclo escolar 2020-2021"},"content":{"rendered":"<p>&nbsp;<\/p>\n<ul>\n<li><strong><em>Beneficio a 10 mil 77 estudiantes<\/em><\/strong><\/li>\n<\/ul>\n<p>&nbsp;<\/p>\n<div id=\"attachment_496207\" style=\"width: 470px\" class=\"wp-caption aligncenter\"><a href=\"https:\/\/www.diarioimagen.net\/?attachment_id=496207\" rel=\"attachment wp-att-496207\"><img loading=\"lazy\" decoding=\"async\" aria-describedby=\"caption-attachment-496207\" class=\"size-full wp-image-496207\" src=\"https:\/\/www.diarioimagen.net\/wp-content\/uploads\/2021\/02\/tlallnepantla.jpg\" alt=\"\" width=\"460\" height=\"270\" \/><\/a><p id=\"caption-attachment-496207\" class=\"wp-caption-text\">Comenz\u00f3 el tercer pago del programa \u2018Becas Educativas Municipales\u2019 del ciclo escolar 2020-2021, que beneficia a 10 mil 77 estudiantes<\/p><\/div>\n<p>&nbsp;<\/p>\n<p><strong>Tlalnepantla, Estado de M\u00e9xico<\/strong>.- El gobierno local inici\u00f3 el pago correspondiente al tercer bimestre del ciclo escolar 2020-2021 del programa \u2018Becas Educativas Municipales\u2019 que beneficia a 10 mil 77 estudiantes de Nuestra Ciudad en distintos niveles escolares.<\/p>\n<p>El Instituto Municipal de Educaci\u00f3n inform\u00f3 que la administraci\u00f3n que encabeza el alcalde Raciel P\u00e9rez Cruz entrega 7 mil 120 becas a estudiantes de primaria, mil 847 de secundaria; 625 a estudiantes con discapacidad, 135 becas de excelencia escolar y 350 para hijos de elementos de la Comisar\u00eda General de Seguridad P\u00fablica y de la Coordinaci\u00f3n Municipal de Protecci\u00f3n Civil.<\/p>\n<p>El pago del tercer bimestre se realiza del 9 al 15 de febrero en el Teatro Algarab\u00eda y los d\u00edas 17 y 18 de febrero en las instalaciones del Deportivo Cri-Cri en Tlalnepantla Oriente, en ambos lugares con un horario de 9:00 a 14:00 horas. Los pagos extempor\u00e1neos se realizar\u00e1n el 18 y 19 de febrero de 10:00 a 14:00 horas en el Instituto Municipal de Educaci\u00f3n, ubicado en calle Acambay n\u00famero 102, fraccionamiento La Romana.<\/p>\n<p>El calendario de pagos se puede consultar en: http:\/\/tlalnepantla.gob.mx\/files\/slides\/662.pdf. Para mayor informaci\u00f3n llamar al tel\u00e9fono 55-5366-3800 ext. 5306.<\/p>\n","protected":false},"excerpt":{"rendered":"<p>El gobierno local inici\u00f3 el pago correspondiente al tercer bimestre del ciclo escolar 2020-2021 del programa \u2018Becas Educativas Municipales\u2019 que beneficia a 10 mil 77 estudiantes de Nuestra Ciudad en distintos niveles escolares.<\/p>\n","protected":false},"author":3,"featured_media":496207,"comment_status":"open","ping_status":"open","sticky":false,"template":"","format":"standard","meta":{"_monsterinsights_skip_tracking":false,"_monsterinsights_sitenote_active":false,"_monsterinsights_sitenote_note":"","_monsterinsights_sitenote_category":0,"footnotes":""},"categories":[5],"tags":[18068,43675,169],"class_list":["post-496084","post","type-post","status-publish","format-standard","has-post-thumbnail","hentry","category-estado-de-mexico","tag-ciclo-escolar","tag-estado-de-mexico","tag-tlalnepantla"],"_links":{"self":[{"href":"https:\/\/www.diarioimagen.net\/index.php?rest_route=\/wp\/v2\/posts\/496084","targetHints":{"allow":["GET"]}}],"collection":[{"href":"https:\/\/www.diarioimagen.net\/index.php?rest_route=\/wp\/v2\/posts"}],"about":[{"href":"https:\/\/www.diarioimagen.net\/index.php?rest_route=\/wp\/v2\/types\/post"}],"author":[{"embeddable":true,"href":"https:\/\/www.diarioimagen.net\/index.php?rest_route=\/wp\/v2\/users\/3"}],"replies":[{"embeddable":true,"href":"https:\/\/www.diarioimagen.net\/index.php?rest_route=%2Fwp%2Fv2%2Fcomments&post=496084"}],"version-history":[{"count":0,"href":"https:\/\/www.diarioimagen.net\/index.php?rest_route=\/wp\/v2\/posts\/496084\/revisions"}],"wp:featuredmedia":[{"embeddable":true,"href":"https:\/\/www.diarioimagen.net\/index.php?rest_route=\/wp\/v2\/media\/496207"}],"wp:attachment":[{"href":"https:\/\/www.diarioimagen.net\/index.php?rest_route=%2Fwp%2Fv2%2Fmedia&parent=496084"}],"wp:term":[{"taxonomy":"category","embeddable":true,"href":"https:\/\/www.diarioimagen.net\/index.php?rest_route=%2Fwp%2Fv2%2Fcategories&post=496084"},{"taxonomy":"post_tag","embeddable":true,"href":"https:\/\/www.diarioimagen.net\/index.php?rest_route=%2Fwp%2Fv2%2Ftags&post=496084"}],"curies":[{"name":"wp","href":"https:\/\/api.w.org\/{rel}","templated":true}]}}