{"id":496100,"date":"2021-02-11T00:05:44","date_gmt":"2021-02-11T06:05:44","guid":{"rendered":"https:\/\/www.diarioimagen.net\/?p=496100"},"modified":"2021-02-11T02:21:33","modified_gmt":"2021-02-11T08:21:33","slug":"vuela-el-aeropuerto-de-santa-lucia","status":"publish","type":"post","link":"https:\/\/www.diarioimagen.net\/?p=496100","title":{"rendered":"Vuela el aeropuerto de Santa Luc\u00eda"},"content":{"rendered":"<h2>Desde el portal<\/h2>\n<h5>\u00c1ngel Soriano<\/h5>\n<p>&nbsp;<\/p>\n<p>Con el presidente Andr\u00e9s Manuel L\u00f3pez Obrador a bordo, junto con lo titulares de la Defensa Nacional, Marina, el canciller Marcelo Ebrard, la jefa de Gobierno de la CDMX, Claudia Sheinbaum, y el gobernador de Quer\u00e9taro, Francisco Dom\u00ednguez, un avi\u00f3n de la Fuerza A\u00e9rea Mexicana aterriz\u00f3 en el nuevo aeropuerto de Santa Luc\u00eda, que oficialmente ser\u00e1 inaugurado el 21 de marzo.<\/p>\n<p>Se trata de una de las primeras y cuestionadas obras del Gobierno de la IV-Transformaci\u00f3n que se hace realidad, luego de la cancelaci\u00f3n del NAICM sobre los fangosos terrenos del antiguo Lago de Texcoco y cuyo hecho mantiene todav\u00eda inconforme a una buena parte del sector privado que, se afirma, ten\u00eda proyectado negocios de talla internacional en la zona.<\/p>\n<p>Vuelos experimentales de aerol\u00edneas privadas se realizaron en la nueva obra, como pre\u00e1mbulo a la inauguraci\u00f3n y puesta en marcha de la terminal a\u00e9rea que seguramente detonar\u00e1 una amplia regi\u00f3n del centro del pa\u00eds y contribuir\u00e1 al descongestionamiento de las dos terminales que dan servicio en la ciudad de M\u00e9xico, insuficientes para la gran demanda.<\/p>\n<p>Con hechos, seguramente, se responder\u00e1 a las cr\u00edticas de la falta de planeaci\u00f3n y supuesta improvisaci\u00f3n en la realizaci\u00f3n de obras. Y no s\u00f3lo eso, el Ej\u00e9rcito mexicano demuestra su vocaci\u00f3n de servicio: no es para la guerra, est\u00e1 preparado para servir a la sociedad en la realizaci\u00f3n de obras de beneficio social; es la \u00fanica y eficiente fuerza organizada al servicio de M\u00e9xico.<\/p>\n<p style=\"text-align: center;\"><strong>TURBULENCIAS<br \/>\nOaxaca y las cuentas alegres de L\u00f3pez-Gatell<\/strong><\/p>\n<p>\u201cEn Oaxaca vamos bien, hay tendencia a la baja, la ocupaci\u00f3n hospitalaria va a la mitad\u201d, dijo el subsecretario Hugo L\u00f3pez-Gatell en Pulso a la Salud, este martes en Palacio Nacional; por la noche, los Servicios Coordinados de Salud de Oaxaca (SSO) informaron que los hospitales est\u00e1n al 100% de ocupaci\u00f3n y contin\u00faa al alza la pandemia por lo que se pidi\u00f3 a la ciudadan\u00eda extremar las medidas sanitarias y no confiarse, en tanto sigue la danza de cifras acerca de la llegada de vacunas y terminar con la incertidumbre en el personal m\u00e9dico y personas de la tercera edad -cerca del 30% se han registrado- acerca de que si alcanzar\u00e1n o no los biol\u00f3gicos para protegerse\u2026 Prevalece la confusi\u00f3n en torno al paradero del periodista Edgar Leyva y su mam\u00e1, desaparecidos luego del asalto a su rancho en Ocotl\u00e1n, donde perdieron la vida su hermana y su t\u00eda; el domingo se inform\u00f3 que hab\u00eda sido ejecutado en Tuxpan, Veracruz, en su huida hacia la frontera norte, hecho desmentido por el gobernador Cuitl\u00e1huac Garc\u00eda. Diversas organizaciones gremiales demandan la presentaci\u00f3n de Edgar Leyva, en tanto el Fiscal en Oaxaca, Rub\u00e9n Vasconcelos, brilla por su ausencia\u2026 Armando Z\u00fa\u00f1iga Salinas, Presidente de Coparmex Ciudad de M\u00e9xico, deplor\u00f3 que hasta el momento, y como consecuencia del enfrentamiento entre ciclistas y polic\u00edas, la jefa de Gobierno, Claudia Sheinbaum, s\u00f3lo ha informado de la suspensi\u00f3n de polic\u00edas de la Subsecretar\u00eda de Control de Tr\u00e1nsito y de mandos operativos. \u201cSin embargo, para que exista justicia plena en este caso, la Fiscal\u00eda de la ciudad debe extender la investigaci\u00f3n hacia los responsables de las arteras agresiones a integrantes del cuerpo policial, quienes tambi\u00e9n sufrieron lesiones graves\u201d, se\u00f1al\u00f3\u2026 Luego de la comparecencia de diez secretarios del Ejecutivo estatal, la diputada Delfina Guzm\u00e1n D\u00edaz, presidenta de la Junta de Coordinaci\u00f3n Pol\u00edtica del Congreso Local, dijo que la constante es la corrupci\u00f3n y falta de transparencia en el manejo de los recursos p\u00fablicos, por lo que har\u00e1n una evaluaci\u00f3n seria de la inconsistencia en la informaci\u00f3n proporcionada a los diputados por los funcionarios de la administraci\u00f3n estatal.<\/p>\n<p><a href=\"mailto:asorianocarrasco@yahoo.com\" target=\"_blank\" rel=\"noopener noreferrer\"><em>asorianocarrasco@yahoo.com<\/em><\/a><br \/>\n<em><a href=\"https:\/\/revistabrecha.com\" target=\"_blank\" rel=\"noopener noreferrer\">www.revistabrecha.com<\/a><br \/>\n<a href=\"https:\/\/twitter.com\/brecharevista\" target=\"_blank\" rel=\"noopener noreferrer\">@BrechaRevista<\/a><\/em><\/p>\n","protected":false},"excerpt":{"rendered":"<p><span style=\"color: #005497;\"><strong>\u00c1ngel Soriano<\/strong><\/span><\/p>\n","protected":false},"author":3,"featured_media":0,"comment_status":"open","ping_status":"open","sticky":false,"template":"","format":"standard","meta":{"_monsterinsights_skip_tracking":false,"_monsterinsights_sitenote_active":false,"_monsterinsights_sitenote_note":"","_monsterinsights_sitenote_category":0,"footnotes":""},"categories":[135],"tags":[85,86,43674],"class_list":["post-496100","post","type-post","status-publish","format-standard","hentry","category-angel-soriano-opinion","tag-angel-soriano","tag-desde-el-portal","tag-opinion"],"_links":{"self":[{"href":"https:\/\/www.diarioimagen.net\/index.php?rest_route=\/wp\/v2\/posts\/496100","targetHints":{"allow":["GET"]}}],"collection":[{"href":"https:\/\/www.diarioimagen.net\/index.php?rest_route=\/wp\/v2\/posts"}],"about":[{"href":"https:\/\/www.diarioimagen.net\/index.php?rest_route=\/wp\/v2\/types\/post"}],"author":[{"embeddable":true,"href":"https:\/\/www.diarioimagen.net\/index.php?rest_route=\/wp\/v2\/users\/3"}],"replies":[{"embeddable":true,"href":"https:\/\/www.diarioimagen.net\/index.php?rest_route=%2Fwp%2Fv2%2Fcomments&post=496100"}],"version-history":[{"count":0,"href":"https:\/\/www.diarioimagen.net\/index.php?rest_route=\/wp\/v2\/posts\/496100\/revisions"}],"wp:attachment":[{"href":"https:\/\/www.diarioimagen.net\/index.php?rest_route=%2Fwp%2Fv2%2Fmedia&parent=496100"}],"wp:term":[{"taxonomy":"category","embeddable":true,"href":"https:\/\/www.diarioimagen.net\/index.php?rest_route=%2Fwp%2Fv2%2Fcategories&post=496100"},{"taxonomy":"post_tag","embeddable":true,"href":"https:\/\/www.diarioimagen.net\/index.php?rest_route=%2Fwp%2Fv2%2Ftags&post=496100"}],"curies":[{"name":"wp","href":"https:\/\/api.w.org\/{rel}","templated":true}]}}