{"id":496107,"date":"2021-02-11T00:04:14","date_gmt":"2021-02-11T06:04:14","guid":{"rendered":"https:\/\/www.diarioimagen.net\/?p=496107"},"modified":"2021-02-11T02:25:09","modified_gmt":"2021-02-11T08:25:09","slug":"pandemia-y-pobreza","status":"publish","type":"post","link":"https:\/\/www.diarioimagen.net\/?p=496107","title":{"rendered":"Pandemia y pobreza"},"content":{"rendered":"<h2>Punto por punto<\/h2>\n<h5>Augusto Corro<\/h5>\n<p>&nbsp;<\/p>\n<p>La pandemia de la Covid-19 caus\u00f3 estragos en la econom\u00eda que reflejaron un aumento de entre 8.9 y 9.8 millones de pobres incapaces de cubrir el gasto de los alimentos b\u00e1sicos.<\/p>\n<p>Lo anterior se desprende del informe presentado el martes por el Consejo Nacional de Evaluaci\u00f3n de la Pol\u00edtica de Desarrollo Social (Coneval). En el documento se consider\u00f3 que a pesar de los programas sociales impulsados por el gobierno obradorista no fueron suficientes.<\/p>\n<p>As\u00ed, 8.9 y 9.8 millones de mexicanos cayeron en la pobreza debido a una disminuci\u00f3n de sus ingresos, con p\u00e9rdidas importantes en los avances que se lograron en materia de desarrollo social. Esa situaci\u00f3n amenaza la capacidad de recuperaci\u00f3n de los ingresos de los hogares.<\/p>\n<p>El Coneval dijo que las transferencias monetarias que el Ejecutivo hace dentro de su pol\u00edtica social que, aunque necesarias, no mitigan los estragos causados por la pandemia en las poblaciones m\u00e1s vulnerables.<\/p>\n<p>Debido a los da\u00f1os a la econom\u00eda, derivados de la pandemia, el n\u00famero de pobres aumentar\u00eda de 61 millones (2018) a 70 millones. La CEPAL advierte que M\u00e9xico se encontrar\u00eda ubicado en el cuarto pa\u00eds que ver\u00eda acrecentar m\u00e1s el porcentaje de personas en situaci\u00f3n de pobreza.<\/p>\n<p>Se ve sombr\u00edo el futuro econ\u00f3mico de nuestro pa\u00eds. Algo no les funcion\u00f3 a las autoridades que ni pudieron domar la pandemia, ni controlar la crisis en la econom\u00eda, cuyos efectos negativos se agudizar\u00e1n en los pr\u00f3ximos d\u00edas.<\/p>\n<p>Los grupos m\u00e1s vulnerables pagar\u00e1n el precio m\u00e1s elevado en la pandemia que los afecta en la econom\u00eda y en la salud. Esos sectores deben ser atendidos con mayor inter\u00e9s por las autoridades, pues los integran mujeres, ni\u00f1os, personas con discapacidad, marginados y desplazados.<\/p>\n<p style=\"text-align: center;\"><strong>El caso de Salgado Macedonio<\/strong><\/p>\n<p>El partido Movimiento Regeneraci\u00f3n Nacional (Morena) parece estar decidido en postular al senador con licencia, F\u00e9lix Salgado Macedonio, a la gubernatura de Guerrero.<\/p>\n<p>Sin embargo, los morenistas le dan vueltas al asunto, porque sabe que la designaci\u00f3n del controvertido pol\u00edtico podr\u00eda repercutir en el proyecto de la Cuarta Transformaci\u00f3n (4T) obradorista.<\/p>\n<p>El candidato tiene un pasado con historias de violaciones sexuales a mujeres que tendr\u00e1n que ventilarse en el presente, para limpiar la imagen de Salgado Macedonio, que es repudiado por las mujeres de su organizaci\u00f3n pol\u00edtica.<\/p>\n<p>Como informamos en este espacio, el aspirante morenista podr\u00eda tener asegurado el triunfo en las pr\u00f3ximas elecciones, pero no podr\u00e1 sacudirse las acusaciones en su contra que lo pintan como un macho troglodita.<\/p>\n<p>Morena es el partido en el poder; pero poco o nada hizo para que el movimiento feminista sea tomado en cuenta por el gobierno federal, que siempre que puede minimiza la lucha de las mujeres que exigen justicia.<\/p>\n<p>Si esa organizaci\u00f3n pol\u00edtica aprueba la candidatura de Salgado Macedonio confirmar\u00e1 que el machismo y sus secuelas de violencia no importan, si se tiene asegurado el triunfo con un sujeto que como gobernador continuar\u00e1 con sus acciones de depredador sexual.<\/p>\n<p>La necedad de la jerarqu\u00eda morenista de apoyar al senador con licencia a la candidatura mencionada ya logr\u00f3 dividir a los guindas en Guerrero.<\/p>\n<p>Pol\u00edticos de Morena resentidos por esa decisi\u00f3n buscar\u00e1n negociar posiciones o aliarse con priistas y perredistas. A prop\u00f3sito del conflicto en el interior de Morena, \u00bfalguien sabe d\u00f3nde se encuentra su flamante l\u00edder, Mario Delgado, al que le qued\u00f3 muy grande la dirigencia del partido? \u00bfUsted qu\u00e9 opina amable lector?<\/p>\n<p style=\"text-align: center;\"><strong>\u201cBajan\u201d a Quico<\/strong><\/p>\n<p>El actor Carlos Villagr\u00e1n <em>Quico,<\/em> de <em>El Chavo del Ocho, no<\/em> ser\u00e1 candidato a la gubernatura de Quer\u00e9taro por el Partido Quer\u00e9taro Independiente.<\/p>\n<p>Lo anterior se debe a la alianza electoral de la organizaci\u00f3n pol\u00edtica mencionada con el Partido Acci\u00f3n Nacional (PAN) , en la que ser\u00e1 nominado el senador con licencia Mauricio Kuri.<\/p>\n<p>Los independentistas saben que tienen el triunfo asegurado con el blanquiazul, en una plaza que a\u00fan tienen bajo su control.<\/p>\n<p>Sin embargo, <em>Quico<\/em> podr\u00eda tener un regalo de consolaci\u00f3n. La dirigencia independentista estudia la posibilidad de lanzar al actor como candidato a la alcald\u00eda capitalina queretana.<\/p>\n<p><a href=\"mailto:aco2742@hotmail.com\" target=\"_blank\" rel=\"noopener noreferrer\"><em>aco2742@hotmail.com<\/em><\/a><\/p>\n","protected":false},"excerpt":{"rendered":"<p><span style=\"color: #005497;\"><strong>Augusto Corro<\/strong><\/span><\/p>\n","protected":false},"author":3,"featured_media":0,"comment_status":"open","ping_status":"open","sticky":false,"template":"","format":"standard","meta":{"_monsterinsights_skip_tracking":false,"_monsterinsights_sitenote_active":false,"_monsterinsights_sitenote_note":"","_monsterinsights_sitenote_category":0,"footnotes":""},"categories":[157],"tags":[43686,43674,11515],"class_list":["post-496107","post","type-post","status-publish","format-standard","hentry","category-augusto-corro","tag-augusto-corro","tag-opinion","tag-punto-por-punto"],"_links":{"self":[{"href":"https:\/\/www.diarioimagen.net\/index.php?rest_route=\/wp\/v2\/posts\/496107","targetHints":{"allow":["GET"]}}],"collection":[{"href":"https:\/\/www.diarioimagen.net\/index.php?rest_route=\/wp\/v2\/posts"}],"about":[{"href":"https:\/\/www.diarioimagen.net\/index.php?rest_route=\/wp\/v2\/types\/post"}],"author":[{"embeddable":true,"href":"https:\/\/www.diarioimagen.net\/index.php?rest_route=\/wp\/v2\/users\/3"}],"replies":[{"embeddable":true,"href":"https:\/\/www.diarioimagen.net\/index.php?rest_route=%2Fwp%2Fv2%2Fcomments&post=496107"}],"version-history":[{"count":0,"href":"https:\/\/www.diarioimagen.net\/index.php?rest_route=\/wp\/v2\/posts\/496107\/revisions"}],"wp:attachment":[{"href":"https:\/\/www.diarioimagen.net\/index.php?rest_route=%2Fwp%2Fv2%2Fmedia&parent=496107"}],"wp:term":[{"taxonomy":"category","embeddable":true,"href":"https:\/\/www.diarioimagen.net\/index.php?rest_route=%2Fwp%2Fv2%2Fcategories&post=496107"},{"taxonomy":"post_tag","embeddable":true,"href":"https:\/\/www.diarioimagen.net\/index.php?rest_route=%2Fwp%2Fv2%2Ftags&post=496107"}],"curies":[{"name":"wp","href":"https:\/\/api.w.org\/{rel}","templated":true}]}}