{"id":496250,"date":"2021-02-12T00:04:30","date_gmt":"2021-02-12T06:04:30","guid":{"rendered":"https:\/\/www.diarioimagen.net\/?p=496250"},"modified":"2021-02-12T05:36:12","modified_gmt":"2021-02-12T11:36:12","slug":"sigue-siendo-huixquilucan-el-municipio-mejor-evaluado-en-el-estado-de-mexico","status":"publish","type":"post","link":"https:\/\/www.diarioimagen.net\/?p=496250","title":{"rendered":"Sigue siendo Huixquilucan el municipio\u00a0mejor evaluado en el Estado de M\u00e9xico"},"content":{"rendered":"<p>&nbsp;<\/p>\n<ul>\n<li><strong><em>\u00daltima medici\u00f3n de Caudae Estrategias<\/em><\/strong><\/li>\n<\/ul>\n<p>&nbsp;<\/p>\n<div id=\"attachment_496363\" style=\"width: 470px\" class=\"wp-caption aligncenter\"><a href=\"https:\/\/www.diarioimagen.net\/?attachment_id=496363\" rel=\"attachment wp-att-496363\"><img loading=\"lazy\" decoding=\"async\" aria-describedby=\"caption-attachment-496363\" class=\"size-full wp-image-496363\" src=\"https:\/\/www.diarioimagen.net\/wp-content\/uploads\/2021\/02\/huixquilucan-6.jpg\" alt=\"\" width=\"460\" height=\"270\" \/><\/a><p id=\"caption-attachment-496363\" class=\"wp-caption-text\">La administraci\u00f3n de Enrique Vargas del Villar, nuevamente fue calificado como el mejor gobierno del Estado de M\u00e9xico, de acuerdo con medici\u00f3n de Caudae Estrategias.<\/p><\/div>\n<p>&nbsp;<\/p>\n<p><strong>Huixquilucan, Estado de M\u00e9xico<\/strong>.- El gobierno municipal, encabezado por Enrique Vargas del Villar, nuevamente fue calificado como el mejor gobierno del Estado de M\u00e9xico, de acuerdo con la \u00faltima medici\u00f3n de Caudae Estrategias publicada este mi\u00e9rcoles.<\/p>\n<p>En dicha encuesta, la administraci\u00f3n municipal de Huixquilucan se ubica en el tercer lugar a nivel nacional, situaci\u00f3n que ha sido una constante desde el inicio de la gesti\u00f3n de Vargas del Villar, que ha permanecido en el Ranking de los 10 mejores del pa\u00eds.<\/p>\n<p>\u201cEs una enorme satisfacci\u00f3n que las y los huixquiluquenses reconozcan y se beneficien de la pol\u00edtica humanista con la que gobernamos, en donde las familias son lo m\u00e1s importante\u201d, se\u00f1al\u00f3 el presidente municipal, Enrique Vargas del Villar.<\/p>\n<p>En otra encuesta dada a conocer el pasado 9 de febrero, de la casa Arias Consultores, la gesti\u00f3n del Edil tambi\u00e9n fue evaluada como la mejor de la entidad y la segunda a nivel nacional.<\/p>\n<p>Las calificaciones positivas, se\u00f1al\u00f3 el Alcalde, demuestran que la ciudadan\u00eda aprueba el trabajo honesto, disciplinado y cercano a las familias que se ha realizado desde el 1 de enero del 2016.<\/p>\n","protected":false},"excerpt":{"rendered":"<p>El gobierno municipal, encabezado por Enrique Vargas del Villar, nuevamente fue calificado como el mejor gobierno del Estado de M\u00e9xico, de acuerdo con la \u00faltima medici\u00f3n de Caudae Estrategias publicada este mi\u00e9rcoles.<\/p>\n","protected":false},"author":3,"featured_media":496363,"comment_status":"open","ping_status":"open","sticky":false,"template":"","format":"standard","meta":{"_monsterinsights_skip_tracking":false,"_monsterinsights_sitenote_active":false,"_monsterinsights_sitenote_note":"","_monsterinsights_sitenote_category":0,"footnotes":""},"categories":[5],"tags":[43675,1097],"class_list":["post-496250","post","type-post","status-publish","format-standard","has-post-thumbnail","hentry","category-estado-de-mexico","tag-estado-de-mexico","tag-huixquilucan"],"_links":{"self":[{"href":"https:\/\/www.diarioimagen.net\/index.php?rest_route=\/wp\/v2\/posts\/496250","targetHints":{"allow":["GET"]}}],"collection":[{"href":"https:\/\/www.diarioimagen.net\/index.php?rest_route=\/wp\/v2\/posts"}],"about":[{"href":"https:\/\/www.diarioimagen.net\/index.php?rest_route=\/wp\/v2\/types\/post"}],"author":[{"embeddable":true,"href":"https:\/\/www.diarioimagen.net\/index.php?rest_route=\/wp\/v2\/users\/3"}],"replies":[{"embeddable":true,"href":"https:\/\/www.diarioimagen.net\/index.php?rest_route=%2Fwp%2Fv2%2Fcomments&post=496250"}],"version-history":[{"count":0,"href":"https:\/\/www.diarioimagen.net\/index.php?rest_route=\/wp\/v2\/posts\/496250\/revisions"}],"wp:featuredmedia":[{"embeddable":true,"href":"https:\/\/www.diarioimagen.net\/index.php?rest_route=\/wp\/v2\/media\/496363"}],"wp:attachment":[{"href":"https:\/\/www.diarioimagen.net\/index.php?rest_route=%2Fwp%2Fv2%2Fmedia&parent=496250"}],"wp:term":[{"taxonomy":"category","embeddable":true,"href":"https:\/\/www.diarioimagen.net\/index.php?rest_route=%2Fwp%2Fv2%2Fcategories&post=496250"},{"taxonomy":"post_tag","embeddable":true,"href":"https:\/\/www.diarioimagen.net\/index.php?rest_route=%2Fwp%2Fv2%2Ftags&post=496250"}],"curies":[{"name":"wp","href":"https:\/\/api.w.org\/{rel}","templated":true}]}}