{"id":496254,"date":"2021-02-12T00:01:33","date_gmt":"2021-02-12T06:01:33","guid":{"rendered":"https:\/\/www.diarioimagen.net\/?p=496254"},"modified":"2021-02-14T21:10:27","modified_gmt":"2021-02-15T03:10:27","slug":"el-tianguis-turistico-digital-en-mazatlan-del-23-y-24-de-marzo-espera-superar-los-115-millones-de-dolares-logrados-en-la-primera-version","status":"publish","type":"post","link":"https:\/\/www.diarioimagen.net\/?p=496254","title":{"rendered":"El Tianguis Tur\u00edstico Digital, en Mazatl\u00e1n, del 23 y 24 de marzo, espera superar los 115 millones de d\u00f3lares logrados en la primera versi\u00f3n"},"content":{"rendered":"<h2>De cinco estrellas<\/h2>\n<h5>Victoria Gonz\u00e1lez Prado<\/h5>\n<p>&nbsp;<\/p>\n<ul>\n<li><em><strong>Galer\u00eda Plaza Reforma recibe dos importantes premios de <\/strong><\/em><strong>Preferred Hotels &amp; Resorts<\/strong><\/li>\n<li><em><strong>El Hotel Wellington, en Madrid, abri\u00f3 sus puertas recientemente, tras permanecer cerrado casi un a\u00f1o <\/strong><\/em><\/li>\n<\/ul>\n<p>&nbsp;<\/p>\n<div id=\"attachment_496400\" style=\"width: 310px\" class=\"wp-caption alignleft\"><a href=\"https:\/\/www.diarioimagen.net\/?attachment_id=496400\" rel=\"attachment wp-att-496400\"><img loading=\"lazy\" decoding=\"async\" aria-describedby=\"caption-attachment-496400\" class=\" wp-image-496400\" src=\"https:\/\/www.diarioimagen.net\/wp-content\/uploads\/2021\/02\/turismo-5.jpg\" alt=\"\" width=\"300\" height=\"390\" \/><\/a><p id=\"caption-attachment-496400\" class=\"wp-caption-text\">Miguel Torruco Marqu\u00e9s y Quirino Ordaz Coppel.<\/p><\/div>\n<p>\u201cEl Tianguis Tur\u00edstico Digital lleg\u00f3 para quedarse\u201d, dijo <strong>Miguel Torruco Marqu\u00e9s<\/strong>, secretario de Turismo federal, quien acompa\u00f1ado por <strong>Quirino Ordaz Coppel<\/strong>, gobernador de Mazatl\u00e1n, en conferencia virtual ayer jueves, asegur\u00f3 generar\u00e1 cinco veces m\u00e1s derrama econ\u00f3mica que el \u00faltimo tianguis presencial.<\/p>\n<p>Mazatl\u00e1n ser\u00e1 la sede, por segunda ocasi\u00f3n -en 2018 Mazatl\u00e1n alberg\u00f3 al Tianguis Tur\u00edstico- los d\u00edas 23 y 24 de marzo.<\/p>\n<p>El secretario de Turismo asegur\u00f3 que Mazatl\u00e1n, Sinaloa, ser\u00e1 la sede de este a\u00f1o, en el formato que concentrar\u00e1 expositores y compradores de 45 pa\u00edses, \u00a0512 compradores de 374 empresas de 31 pa\u00edses y la participaci\u00f3n de 116 expositores, por el momento, pues se\u00f1al\u00f3 que espera se alcance a congregar a 250 expositores y mil 965 compradores de 45 pa\u00edses, para la celebraci\u00f3n de 27 mil 600 citas de negocios.<\/p>\n<p><strong>Torruco Marqu\u00e9s<\/strong> est\u00e1 convencido que la edici\u00f3n 2021 va a rebasar las ventas alcanzadas el a\u00f1o pasado. \u201cPensamos que esta segunda edici\u00f3n tendr\u00e1 m\u00e1s \u00e9xito. La expectativa es superar los 115 millones de d\u00f3lares\u201d.<\/p>\n<p>Y bueno, si en plena pandemia, se logran superar los 115 millones de d\u00f3lares se volver\u00eda a convertir en el tianguis m\u00e1s exitoso de la historia, como sucede a\u00f1o tras a\u00f1o, ahora tambi\u00e9n con los tianguis digitales.<\/p>\n<p>Cabe destacar que el \u00faltimo evento presencial, en Acapulco, Guerrero, en 2019, se realizaron transacciones por 424 millones de pesos, seg\u00fan la Secretar\u00eda de Turismo federal.<\/p>\n<p>Por su parte, el gobernador <strong>Quirino Ordaz Coppel<\/strong>, agradeci\u00f3 al secretario de Turismo, la confianza para que Mazatl\u00e1n sea nuevamente sede del Tianguis Tur\u00edstico en este nuevo formato digital -en 2018 Mazatl\u00e1n alberg\u00f3 al Tianguis Tur\u00edstico-.<\/p>\n<p>Destac\u00f3 que Mazatl\u00e1n es uno de los destinos que mayor inversi\u00f3n privada tiene en estos momentos y consider\u00f3 muy oportuno que se pueda tener conectados a trav\u00e9s de los medios tecnol\u00f3gicos a quienes toman las decisiones en materia de inversiones tur\u00edsticas, lo que posibilita mayor \u00e9xito en las citas de negocios ya programadas.<\/p>\n<p>\u201cCelebramos que este evento se lleve a cabo, no queremos ser m\u00e1s que facilitadores, sabemos que el nombre de Mazatl\u00e1n y de Sinaloa generan confianza. Estamos construyendo el acuario m\u00e1s importante de Am\u00e9rica Latina y eso no es cualquier cosa y menos en una \u00e9poca como la que estamos viviendo, pero no es s\u00f3lo el acuario, sino todo el cambio que ha tenido el destino, el centro hist\u00f3rico, el malec\u00f3n y todas las avenidas totalmente transformadas\u201d, explic\u00f3.<\/p>\n<p>\u2730\u2730\u2730\u2730\u2730 De las buenas cosas que suceden durante la pandemia vale recordar que el Hotel\u00a0Galer\u00eda Plaza Reforma recibi\u00f3 dos premios de parte de <em>Preferred Hotels &amp; Resorts<\/em>, marca que representa a nivel internacional a Grupo Brisas.<\/p>\n<p><em>Hotel of the Year Mexico &amp; The Caribbean<\/em> reconoce la excelencia. Como referencia este premio el a\u00f1o pasado lo gan\u00f3 el hotel hermano <em>Nizuc Resort <\/em>de Canc\u00fan (2019) y ahora lo recibe Galer\u00eda Plaza Reforma (2020).<\/p>\n<p>Tambi\u00e9n recibieron el premio Hotel <em>I Prefer of The Year<\/em>, \u00e9ste por su aportaci\u00f3n al\u00a0 programa de lealtad <em>I<\/em> <em>Prefer <\/em>\u00a0por los excelentes comentarios de los socios. As\u00ed, el hotel Galer\u00eda Plaza Reforma estuvo nominado en tres categor\u00edas y ganaron dos.<\/p>\n<p>Ambos reconocimientos estaban programados para ser entregados en la pasada convenci\u00f3n anual en Boston de<em> Preferred Hotels &amp; Resorts,<\/em> sin embargo y ante las circunstancias por la Covid-19 fue cancelada y de ah\u00ed que se hayan entregado en forma virtual y presencial por parte de los ejecutivos del equipo de <em>Preferred Hoteles &amp; Resorts<\/em> en M\u00e9xico.<\/p>\n<p><strong>Miguel Sotelo<\/strong>, gerente general de Galer\u00eda Plaza Reforma, a nombre de todo su equipo de colaboradores dijo: \u201ces un honor saber que contamos con la preferencia de nuestros hu\u00e9spedes y que nuestro trabajo es reconocido por una marca tan reconocida como <em>Preferred Hotels &amp; Resorts<\/em>\u201d.<\/p>\n<p>\u2730\u2730\u2730\u2730\u2730 La planta hotelera de la ciudad de Madrid no para de adaptarse y renovarse. Uno de los \u00faltimos establecimientos en acometer mejoras en sus instalaciones es el Hotel Wellington, que ha vuelto a abrir sus puertas recientemente tras permanecer cerrado casi un a\u00f1o.<\/p>\n<p>El hotel dispone ahora de nuevo club deportivo con 300 plazas para socios y hu\u00e9spedes, que cuenta con \u00e1rea <em>fitness<\/em> y el \u2018<em>Le Max Wellness Club Wellington &amp; Spa\u2019,<\/em> con circuito de hidroterapia,<em> jacuzzi<\/em> de termoterapia 380, pileta de crioterapia 7o, sauna de \u00faltima generaci\u00f3n, <em>hamman<\/em>, sala de entrenamiento <em>fitness<\/em> y servicios <em>Health &amp; Beauty.<\/em>\u00a0as\u00ed como nueva cocina que optimiza los espacios de trabajo e incorpora los \u00faltimos avances tecnol\u00f3gicos, dirigida por el chef <strong>Javier Librero<\/strong><strong>.<\/strong><\/p>\n<p>Dos restaurantes: <em>Kaburi Wellington<\/em>, galardonado con una estrella Michel\u00edn, y <strong><em>Goizeko Wellington<\/em><\/strong>, la cafeter\u00eda <strong>La llave de oro<\/strong>, el <strong>Bar Ingl\u00e9s<\/strong>, y la terraza al aire libre donde se encuentra el restaurante <strong><em>Ra\u00edces.<\/em><\/strong>\u00a0Adem\u00e1s, <em>brunch<\/em> dominical y\u00a0otras experiencias gastron\u00f3micas, como servicio de picnic en el Retiro o Huerto Experiencias<\/p>\n<p>Otra de las novedades est\u00e1 en la decoraci\u00f3n del <em>lobby<\/em> y los salones emblem\u00e1ticos del hotel, a cargo del portugu\u00e9s <strong>Vasco Arag\u00e3o<\/strong>. Este hotel de cinco estrellas se ubica en el Barrio de Salamanca<strong>,<\/strong><strong> muy cerca del parque de El Retiro, la Puerta de Alcal\u00e1 y el Paseo del Arte, tres de los principales atractivos tur\u00edsticos de Madrid.<\/strong><\/p>\n<p>Con decoraci\u00f3n de influencia original francesa de finales del S. XIX, ofrece 250 habitaciones y suites elegantes, espaciosas y equipadas con todas las comodidades.<\/p>\n<p>&nbsp;<\/p>\n<blockquote>\n<p style=\"text-align: right;\">\u201c<strong>El<\/strong> <strong>\u00e1ngel de la fama tiene sus alas hechas de papel&#8230; peri\u00f3dico\u201d.<br \/>\n<\/strong><\/p>\n<\/blockquote>\n<p>&nbsp;<\/p>\n<p><em><span class=\"Apple-converted-space\"><a href=\"mailto:victoriagprado@gmail.com\" target=\"_blank\" rel=\"noopener noreferrer\">victoriagprado@gmail.com<\/a><br \/>\nTwitter: <a href=\"https:\/\/twitter.com\/victoriagprado\" target=\"_blank\" rel=\"noopener noreferrer\">@victoriagprado<\/a><\/span><\/em><\/p>\n","protected":false},"excerpt":{"rendered":"<p>\u201cEl Tianguis Tur\u00edstico Digital lleg\u00f3 para quedarse\u201d, dijo <strong>Miguel Torruco Marqu\u00e9s<\/strong>, secretario de Turismo federal, quien acompa\u00f1ado por <strong>Quirino Ordaz Coppel<\/strong>, gobernador de Mazatl\u00e1n, en conferencia virtual ayer jueves, asegur\u00f3 generar\u00e1 cinco veces m\u00e1s derrama econ\u00f3mica que el \u00faltimo tianguis presencial.<\/p>\n","protected":false},"author":3,"featured_media":496405,"comment_status":"open","ping_status":"open","sticky":false,"template":"","format":"standard","meta":{"_monsterinsights_skip_tracking":false,"_monsterinsights_sitenote_active":false,"_monsterinsights_sitenote_note":"","_monsterinsights_sitenote_category":0,"footnotes":""},"categories":[11],"tags":[107,43674,43681,106],"class_list":["post-496254","post","type-post","status-publish","format-standard","has-post-thumbnail","hentry","category-turismo","tag-de-cinco-estrellas","tag-opinion","tag-turismo","tag-victoria-gonzalez-prado"],"_links":{"self":[{"href":"https:\/\/www.diarioimagen.net\/index.php?rest_route=\/wp\/v2\/posts\/496254","targetHints":{"allow":["GET"]}}],"collection":[{"href":"https:\/\/www.diarioimagen.net\/index.php?rest_route=\/wp\/v2\/posts"}],"about":[{"href":"https:\/\/www.diarioimagen.net\/index.php?rest_route=\/wp\/v2\/types\/post"}],"author":[{"embeddable":true,"href":"https:\/\/www.diarioimagen.net\/index.php?rest_route=\/wp\/v2\/users\/3"}],"replies":[{"embeddable":true,"href":"https:\/\/www.diarioimagen.net\/index.php?rest_route=%2Fwp%2Fv2%2Fcomments&post=496254"}],"version-history":[{"count":0,"href":"https:\/\/www.diarioimagen.net\/index.php?rest_route=\/wp\/v2\/posts\/496254\/revisions"}],"wp:featuredmedia":[{"embeddable":true,"href":"https:\/\/www.diarioimagen.net\/index.php?rest_route=\/wp\/v2\/media\/496405"}],"wp:attachment":[{"href":"https:\/\/www.diarioimagen.net\/index.php?rest_route=%2Fwp%2Fv2%2Fmedia&parent=496254"}],"wp:term":[{"taxonomy":"category","embeddable":true,"href":"https:\/\/www.diarioimagen.net\/index.php?rest_route=%2Fwp%2Fv2%2Fcategories&post=496254"},{"taxonomy":"post_tag","embeddable":true,"href":"https:\/\/www.diarioimagen.net\/index.php?rest_route=%2Fwp%2Fv2%2Ftags&post=496254"}],"curies":[{"name":"wp","href":"https:\/\/api.w.org\/{rel}","templated":true}]}}