{"id":496296,"date":"2021-02-12T00:03:01","date_gmt":"2021-02-12T06:03:01","guid":{"rendered":"https:\/\/www.diarioimagen.net\/?p=496296"},"modified":"2021-02-12T03:43:14","modified_gmt":"2021-02-12T09:43:14","slug":"coaliciones-o-colisiones","status":"publish","type":"post","link":"https:\/\/www.diarioimagen.net\/?p=496296","title":{"rendered":"\u00bfCoaliciones o colisiones?"},"content":{"rendered":"<h2>Espacio Electoral<\/h2>\n<h5>Eleazar Flores<\/h5>\n<p>&nbsp;<\/p>\n<p><strong>TRABAS PRI-PAN-PRD-.<\/strong> Agotados los tiempos iniciales para escoger candidatos comunes o alianzas electorales entre panistas, priistas y perredistas para los comicios locales y municipales del primer domingo de junio, tuvo que ampliarse el plazo y ni as\u00ed lo lograron.<\/p>\n<p>Deserciones, cambios de partido o de camiseta a \u00faltima hora est\u00e1n a la orden del d\u00eda, pero en el omnipotente Morena pasan casos parecidos. Ejemplos sobran, llamando la atenci\u00f3n aquellos en donde hay personas famosas que siendo del medio art\u00edstico se pasan a la grilla.<\/p>\n<p><strong>EJEMPLOS-.<\/strong> El caso m\u00e1s sonado por ahora -aun sin confirmarse-, est\u00e1 el de la ex Miss Universo, Lupita Jones, que deja el amparo de televisa, TV Azteca e Imagen televisi\u00f3n, para buscar el cobijo del PAN y sus aliados, PRI-PRD, con cuyos apoyos busca llegar al gobierno de su natal Baja California, sin ninguna experiencia pol\u00edtica, pero al parecer eso no importa.<\/p>\n<p>Igual el caso de Paquita la del Barrio que sincera como es, reconoci\u00f3 p\u00fablicamente \u201cno saber nada de esto\u201d (pol\u00edtica), aclarando que \u201cya tendr\u00e9 a quienes me ayuden para decirme por d\u00f3nde.<\/p>\n<p><strong>EDOMEX-.<\/strong> En suelo mexiquense, los tres partidos menos d\u00e9biles al lado del fortach\u00f3n Morena, sufren para llegar a acuerdos que les permitan tener alguna esperanza de triunfo en las pr\u00f3ximas elecciones, legislativas pero sobre todo las municipales en las que est\u00e1n poniendo su mejor esfuerzo para encabezar las planillas en la integraci\u00f3n de cabildos.<\/p>\n<p>Por ser la capital del estado, le prometo para el lunes el an\u00e1lisis completo, pues la pelea sigue fuerte, m\u00e1xime que su anhelo mayor es derrotar al reeleccionista Juan Rodolfo S\u00e1nchez G\u00f3mez, que siendo un panista de cepas se pas\u00f3 a Morena; empez\u00f3 gobernando bien, pero pronto sigui\u00f3 el camino de su antecesor, Fernando Zamora del PRI, y Toluca padece todos los males.<\/p>\n<p><strong>METEPEC-.<\/strong> Por ahora, el municipio que llama la atenci\u00f3n es la \u201csegunda capital\u201d, Metepec, asiento domiciliario y fiscal de muchos pol\u00edticos del gobierno priista que encabeza Alfredo Del Mazo Maza en cuyas oficinas, sean las de Lerdo Poniente 300 o la Casa de Gobierno en el cuidad\u00edsimo Paseo Col\u00f3n, se toman las decisiones tricolores m\u00e1s importantes en cuanto a candidaturas.<\/p>\n<p>Gobernando antes por priistas de fama y ahora por la morena Gaby Gamboa, quien muchos la conocieron hasta que sac\u00f3 sus espectaculares de su segundo informe, busca la reelecci\u00f3n con posibilidades de lograrla, no tanto por su fuerza sino por la\u00a0 debilidad del candidato PRI-PAN-PRD, muy conocido en el fraccionamiento de lujo donde vive.<\/p>\n<p>Se trata de Fernando Flores, vecino de la unidad habitacional de primer nivel La Asunci\u00f3n, cuya vida pol\u00edtica es desconocida hasta por sus vecinos. Por la diputaci\u00f3n va el desconocido Alfredo Quiroz.<\/p>\n<p><em><a href=\"mailto:elefa44@gmail.com\" target=\"_blank\" rel=\"noopener noreferrer\">elefa44@gmail.com<\/a><\/em><\/p>\n","protected":false},"excerpt":{"rendered":"<p><span style=\"color: #005497;\"><strong>Eleazar Flores<\/strong><\/span><\/p>\n","protected":false},"author":3,"featured_media":0,"comment_status":"open","ping_status":"open","sticky":false,"template":"","format":"standard","meta":{"_monsterinsights_skip_tracking":false,"_monsterinsights_sitenote_active":false,"_monsterinsights_sitenote_note":"","_monsterinsights_sitenote_category":0,"footnotes":""},"categories":[81743],"tags":[81744,81776,43674],"class_list":["post-496296","post","type-post","status-publish","format-standard","hentry","category-eleazar-flores","tag-eleazar-flores","tag-espacio-electoral","tag-opinion"],"_links":{"self":[{"href":"https:\/\/www.diarioimagen.net\/index.php?rest_route=\/wp\/v2\/posts\/496296","targetHints":{"allow":["GET"]}}],"collection":[{"href":"https:\/\/www.diarioimagen.net\/index.php?rest_route=\/wp\/v2\/posts"}],"about":[{"href":"https:\/\/www.diarioimagen.net\/index.php?rest_route=\/wp\/v2\/types\/post"}],"author":[{"embeddable":true,"href":"https:\/\/www.diarioimagen.net\/index.php?rest_route=\/wp\/v2\/users\/3"}],"replies":[{"embeddable":true,"href":"https:\/\/www.diarioimagen.net\/index.php?rest_route=%2Fwp%2Fv2%2Fcomments&post=496296"}],"version-history":[{"count":0,"href":"https:\/\/www.diarioimagen.net\/index.php?rest_route=\/wp\/v2\/posts\/496296\/revisions"}],"wp:attachment":[{"href":"https:\/\/www.diarioimagen.net\/index.php?rest_route=%2Fwp%2Fv2%2Fmedia&parent=496296"}],"wp:term":[{"taxonomy":"category","embeddable":true,"href":"https:\/\/www.diarioimagen.net\/index.php?rest_route=%2Fwp%2Fv2%2Fcategories&post=496296"},{"taxonomy":"post_tag","embeddable":true,"href":"https:\/\/www.diarioimagen.net\/index.php?rest_route=%2Fwp%2Fv2%2Ftags&post=496296"}],"curies":[{"name":"wp","href":"https:\/\/api.w.org\/{rel}","templated":true}]}}