{"id":496322,"date":"2021-02-12T00:06:20","date_gmt":"2021-02-12T06:06:20","guid":{"rendered":"https:\/\/www.diarioimagen.net\/?p=496322"},"modified":"2021-02-14T21:22:26","modified_gmt":"2021-02-15T03:22:26","slug":"alfredo-del-mazo-entrega-rehabilitacion-de-la-unidad-deportiva-de-jiquipilco","status":"publish","type":"post","link":"https:\/\/www.diarioimagen.net\/?p=496322","title":{"rendered":"Alfredo Del Mazo entrega rehabilitaci\u00f3n de la Unidad Deportiva de Jiquipilco"},"content":{"rendered":"<p>&nbsp;<\/p>\n<ul>\n<li><strong><em>Promueven el deporte en regi\u00f3n norte del Edomex<\/em><\/strong><\/li>\n<\/ul>\n<p><strong>\u00a0<\/strong><\/p>\n<div id=\"attachment_496376\" style=\"width: 470px\" class=\"wp-caption aligncenter\"><a href=\"https:\/\/www.diarioimagen.net\/?attachment_id=496376\" rel=\"attachment wp-att-496376\"><img loading=\"lazy\" decoding=\"async\" aria-describedby=\"caption-attachment-496376\" class=\"size-full wp-image-496376\" src=\"https:\/\/www.diarioimagen.net\/wp-content\/uploads\/2021\/02\/DEL-MAZO12.jpg\" alt=\"\" width=\"460\" height=\"270\" \/><\/a><p id=\"caption-attachment-496376\" class=\"wp-caption-text\">El gobernador Alfredo Del Mazo indic\u00f3 que la entrega y rehabilitaci\u00f3n de espacios, como la Unidad Deportiva de Jiquipilco, se lleva a cabo en todo el territorio mexiquense.<\/p><\/div>\n<p>&nbsp;<\/p>\n<p><strong>Jiquipilco, Estado de M\u00e9xico.- <\/strong>El gobernador Alfredo Del Mazo Maza entreg\u00f3 la modernizaci\u00f3n de la Unidad Deportiva Jiquipilco, la cual fue rehabilitada como parte de las acciones que lleva a cabo la administraci\u00f3n estatal para impulsar el deporte en la entidad, adem\u00e1s de que beneficiar\u00e1 a los municipios de la zona norte del Estado de M\u00e9xico.<\/p>\n<p>\u201cEsta Unidad Deportiva que se ha rehabilitado estaba pr\u00e1cticamente abandonada, la verdad estaba muy deteriorada y la hemos recuperado, rehabilitado y hoy en d\u00eda cuenta con varios espacios\u201d, expres\u00f3.<\/p>\n<p>Acompa\u00f1ado por la presidenta municipal de Jiquipilco, Marisol Gonz\u00e1lez Torres, el gobernador Alfredo Del Mazo indic\u00f3 que la entrega y rehabilitaci\u00f3n de espacios deportivos se lleva a cabo en todo el territorio mexiquense.<\/p>\n<p>Detall\u00f3 que esta Unidad Deportiva cuenta con canchas de futbol, front\u00f3n y basquetbol, as\u00ed como sal\u00f3n de usos m\u00faltiples, ejercitadores y un ring de boxeo con gimnasio para entrenar.<\/p>\n<p>En este sentido, destac\u00f3 que el ring y el gimnasio se pensaron por el impulso que Jiquipilco le da al boxeo, para que puedan entrenar los deportistas del municipio como los atletas profesionales, quienes aprovechan la altura de esta localidad.<\/p>\n<p>\u201cEs un reto entrenar a estas alturas para atletas profesionales, aqu\u00ed incluso viene a veces el hijo del Maromero P\u00e1ez a entrenar, y pues promueve mucho esta actividad del deporte, del boxeo entre los j\u00f3venes de esta regi\u00f3n de nuestro estado\u201d, afirm\u00f3.<\/p>\n<p>Del Mazo Maza se\u00f1al\u00f3 que la Unidad Deportiva Jiquipilco beneficiar\u00e1 a otros municipios de la regi\u00f3n como Temoaya e Ixtlahuaca.<\/p>\n","protected":false},"excerpt":{"rendered":"<p>El gobernador Alfredo Del Mazo Maza entreg\u00f3 la modernizaci\u00f3n de la Unidad Deportiva Jiquipilco, la cual fue rehabilitada como parte de las acciones que lleva a cabo la administraci\u00f3n estatal para impulsar el deporte en la entidad, adem\u00e1s de que beneficiar\u00e1 a los municipios de la zona norte del Estado de M\u00e9xico.<\/p>\n","protected":false},"author":3,"featured_media":496376,"comment_status":"open","ping_status":"open","sticky":false,"template":"","format":"standard","meta":{"_monsterinsights_skip_tracking":false,"_monsterinsights_sitenote_active":false,"_monsterinsights_sitenote_note":"","_monsterinsights_sitenote_category":0,"footnotes":""},"categories":[5],"tags":[2505,43675,6773],"class_list":["post-496322","post","type-post","status-publish","format-standard","has-post-thumbnail","hentry","category-estado-de-mexico","tag-alfredo-del-mazo-maza","tag-estado-de-mexico","tag-jiquipilco"],"_links":{"self":[{"href":"https:\/\/www.diarioimagen.net\/index.php?rest_route=\/wp\/v2\/posts\/496322","targetHints":{"allow":["GET"]}}],"collection":[{"href":"https:\/\/www.diarioimagen.net\/index.php?rest_route=\/wp\/v2\/posts"}],"about":[{"href":"https:\/\/www.diarioimagen.net\/index.php?rest_route=\/wp\/v2\/types\/post"}],"author":[{"embeddable":true,"href":"https:\/\/www.diarioimagen.net\/index.php?rest_route=\/wp\/v2\/users\/3"}],"replies":[{"embeddable":true,"href":"https:\/\/www.diarioimagen.net\/index.php?rest_route=%2Fwp%2Fv2%2Fcomments&post=496322"}],"version-history":[{"count":0,"href":"https:\/\/www.diarioimagen.net\/index.php?rest_route=\/wp\/v2\/posts\/496322\/revisions"}],"wp:featuredmedia":[{"embeddable":true,"href":"https:\/\/www.diarioimagen.net\/index.php?rest_route=\/wp\/v2\/media\/496376"}],"wp:attachment":[{"href":"https:\/\/www.diarioimagen.net\/index.php?rest_route=%2Fwp%2Fv2%2Fmedia&parent=496322"}],"wp:term":[{"taxonomy":"category","embeddable":true,"href":"https:\/\/www.diarioimagen.net\/index.php?rest_route=%2Fwp%2Fv2%2Fcategories&post=496322"},{"taxonomy":"post_tag","embeddable":true,"href":"https:\/\/www.diarioimagen.net\/index.php?rest_route=%2Fwp%2Fv2%2Ftags&post=496322"}],"curies":[{"name":"wp","href":"https:\/\/api.w.org\/{rel}","templated":true}]}}