{"id":496422,"date":"2021-02-15T00:03:21","date_gmt":"2021-02-15T06:03:21","guid":{"rendered":"https:\/\/www.diarioimagen.net\/?p=496422"},"modified":"2021-02-15T01:45:36","modified_gmt":"2021-02-15T07:45:36","slug":"valle-de-mexico-pasa-a-naranja-ante-baja-sostenida-de-hospitalizaciones-por-covid","status":"publish","type":"post","link":"https:\/\/www.diarioimagen.net\/?p=496422","title":{"rendered":"Valle de M\u00e9xico pasa a naranja ante baja sostenida de hospitalizaciones por Covid"},"content":{"rendered":"<p>&nbsp;<\/p>\n<ul>\n<li><strong><em>Reabren con restricciones gimnasios, albercas, iglesias y teatros al aire libre<\/em><\/strong><\/li>\n<\/ul>\n<p>&nbsp;<\/p>\n<div id=\"attachment_496499\" style=\"width: 470px\" class=\"wp-caption aligncenter\"><a href=\"https:\/\/www.diarioimagen.net\/?attachment_id=496499\" rel=\"attachment wp-att-496499\"><img loading=\"lazy\" decoding=\"async\" aria-describedby=\"caption-attachment-496499\" class=\"size-full wp-image-496499\" src=\"https:\/\/www.diarioimagen.net\/wp-content\/uploads\/2021\/02\/CDMX-NARANJA.jpg\" alt=\"\" width=\"460\" height=\"270\" \/><\/a><p id=\"caption-attachment-496499\" class=\"wp-caption-text\">La Ciudad de M\u00e9xico y el Edomex pasan a naranja, al registrarse una reducci\u00f3n de contagios y hospitalizaciones por Covid, pero con la recomendaci\u00f3n de no bajar la guardia.<\/p><\/div>\n<p>&nbsp;<\/p>\n<p>Tras ocho semanas en sem\u00e1foro epidemiol\u00f3gico rojo, la Ciudad de M\u00e9xico y el Estado de M\u00e9xico pasan a naranja, con la recomendaci\u00f3n de no bajar la guardia, al registrarse una reducci\u00f3n sostenida de contagios y hospitalizaciones por Covid-19.<\/p>\n<p>La jefa de Gobierno, Claudia Sheinbaum Pardo, y el gobierno del Edomex anunciaron que se reiniciar\u00e1n m\u00e1s actividades econ\u00f3micas, pero de manera precavida para no revertir la reducci\u00f3n de casos.<\/p>\n<p>Ante esto, a partir de este lunes se reanudar\u00e1n actividades en teatros al aire libre, gimnasios y albercas, con entrenamientos individuales, por medio de citas, con permanencia de 40 minutos por sesi\u00f3n y en un horario de 6 a 23 horas.<\/p>\n<p>Tambi\u00e9n abrir\u00e1n las iglesias y templos con atenci\u00f3n en atrios y \u00e1reas abiertas, mientras el protocolo para el Mi\u00e9rcoles de Ceniza deber\u00e1 ser con ingreso de una sola persona por familia, sin la celebraci\u00f3n de ceremonias ni misas.<\/p>\n<p>Los negocios no esenciales podr\u00e1n operar con un aforo de 20 por ciento y los restaurantes mantendr\u00e1n su servicio al aire libre con la ampliaci\u00f3n de horario hasta las 10 de la noche.<\/p>\n<p>\u201cEntendemos y comprendemos la dif\u00edcil situaci\u00f3n que han vivido much\u00edsimos sectores econ\u00f3micos, pero tambi\u00e9n nuestra responsabilidad es cuidar la salud y por eso son las medidas preventivas, si seguimos bajando la pr\u00f3xima semana estar\u00edamos en mejores condiciones\u201d, se\u00f1al\u00f3 la mandataria capitalina.<\/p>\n<p>Dijo que si bien se ha observado una disminuci\u00f3n en los contagios, a\u00fan permanecen en la Ciudad de M\u00e9xico 5 mil 860 personas hospitalizadas. \u201cHay que seguir cuid\u00e1ndonos, no bajar la guardia y mantener las medidas sanitarias, si tenemos s\u00edntomas asistir a los quioscos para realizarse las pruebas e identificar el mayor n\u00famero de positivos para su atenci\u00f3n\u201d.<\/p>\n<p>En las pasadas semanas la velocidad en la reducci\u00f3n de los contagios tuvo que ver con la atenci\u00f3n temprana que se hace en los centros de salud a partir de la realizaci\u00f3n de las pruebas, pues en mayo, durante la primera ola de la pandemia, se realizaban 3 mil pruebas, ahora esta cifra aument\u00f3 a 22 mil.<\/p>\n<p>A su vez, el director del Gobierno Digital de la Agencia Digital de Innovaci\u00f3n Tecnol\u00f3gica, Eduardo Clark Garc\u00eda, detall\u00f3 que la ocupaci\u00f3n en los hospitales de atenci\u00f3n Covid-19 es de 68 por ciento, luego de se\u00f1alar que la semana pasada hubo una desocupaci\u00f3n de 150 camas diarias, en promedio.<\/p>\n<p>Destac\u00f3 que distintos indicadores registran una disminuci\u00f3n continua y sostenida, incluso con una velocidad superior a la que se observ\u00f3 durante el descenso de la primera ola de la pandemia en junio y mayo de 2020, entre ellos el de las llamadas de emergencia al 911, que alcanzaron las 800 diarias, mientras la \u00faltima semana bajaron a 182, as\u00ed como el n\u00famero de hospitalizados, que lleg\u00f3 a su pico m\u00e1s alto el 21 de enero, con 7 mil 401 pacientes.<\/p>\n<p style=\"text-align: center;\"><strong>Abrir\u00e1n centro de recarga gratuita de ox\u00edgeno en Iztacalco<\/strong><\/p>\n<p>Sheinbaum Pardo inform\u00f3 que esta semana se abrir\u00e1 un nuevo punto de recarga gratuita de ox\u00edgeno medicinal en la alcald\u00eda Iztacalco.<\/p>\n<p>Este centro que estar\u00e1 operado por la empresa Infra, el cual se suma a los cuatro ya existentes y se ubicar\u00e1 en la Sala de Armas de la Magdalena Mixhuca y el acceso ser\u00e1 por la puerta 7.<\/p>\n<p>Carlos Ulloa, secretario de Desarrollo Urbano y Vivienda indic\u00f3 que el horario de operaci\u00f3n ser\u00e1 de las 9:00 a 18:00 horas.<\/p>\n<p>Este mi\u00e9rcoles a partir de las nueve de la ma\u00f1ana estar\u00eda ya en operaci\u00f3n con una m\u00e1xima capacidad de 400 cargas de tanques de ox\u00edgeno m\u00f3viles, obviamente la recomendaci\u00f3n es que tengan buenas condiciones para recargar y estar\u00e1 en coordinaci\u00f3n con el apoyo de participaci\u00f3n ciudadana a cargo del compa\u00f1ero Ernesto Armendariz y el apoyo de la alcald\u00eda tambi\u00e9n\u201d, se\u00f1al\u00f3.<\/p>\n<p>La recarga de tanques de ox\u00edgeno se har\u00e1 conforme lleguen los usuarios tal y como sucede en los de las alcald\u00edas Iztapalapa, Gustavo A Madero, \u00c1lvaro Obreg\u00f3n y Milpa Alta.<\/p>\n","protected":false},"excerpt":{"rendered":"<p>Tras ocho semanas en sem\u00e1foro epidemiol\u00f3gico rojo, la Ciudad de M\u00e9xico y el Estado de M\u00e9xico pasan a naranja, con la recomendaci\u00f3n de no bajar la guardia, al registrarse una reducci\u00f3n sostenida de contagios y hospitalizaciones por Covid-19.<\/p>\n","protected":false},"author":3,"featured_media":496499,"comment_status":"open","ping_status":"open","sticky":false,"template":"","format":"standard","meta":{"_monsterinsights_skip_tracking":false,"_monsterinsights_sitenote_active":false,"_monsterinsights_sitenote_note":"","_monsterinsights_sitenote_category":0,"footnotes":""},"categories":[6],"tags":[34444,90021,824,34],"class_list":["post-496422","post","type-post","status-publish","format-standard","has-post-thumbnail","hentry","category-cd-de-mexico","tag-cdmx","tag-covid-19","tag-naranja","tag-valle-de-mexico"],"_links":{"self":[{"href":"https:\/\/www.diarioimagen.net\/index.php?rest_route=\/wp\/v2\/posts\/496422","targetHints":{"allow":["GET"]}}],"collection":[{"href":"https:\/\/www.diarioimagen.net\/index.php?rest_route=\/wp\/v2\/posts"}],"about":[{"href":"https:\/\/www.diarioimagen.net\/index.php?rest_route=\/wp\/v2\/types\/post"}],"author":[{"embeddable":true,"href":"https:\/\/www.diarioimagen.net\/index.php?rest_route=\/wp\/v2\/users\/3"}],"replies":[{"embeddable":true,"href":"https:\/\/www.diarioimagen.net\/index.php?rest_route=%2Fwp%2Fv2%2Fcomments&post=496422"}],"version-history":[{"count":0,"href":"https:\/\/www.diarioimagen.net\/index.php?rest_route=\/wp\/v2\/posts\/496422\/revisions"}],"wp:featuredmedia":[{"embeddable":true,"href":"https:\/\/www.diarioimagen.net\/index.php?rest_route=\/wp\/v2\/media\/496499"}],"wp:attachment":[{"href":"https:\/\/www.diarioimagen.net\/index.php?rest_route=%2Fwp%2Fv2%2Fmedia&parent=496422"}],"wp:term":[{"taxonomy":"category","embeddable":true,"href":"https:\/\/www.diarioimagen.net\/index.php?rest_route=%2Fwp%2Fv2%2Fcategories&post=496422"},{"taxonomy":"post_tag","embeddable":true,"href":"https:\/\/www.diarioimagen.net\/index.php?rest_route=%2Fwp%2Fv2%2Ftags&post=496422"}],"curies":[{"name":"wp","href":"https:\/\/api.w.org\/{rel}","templated":true}]}}