{"id":496425,"date":"2021-02-15T00:07:42","date_gmt":"2021-02-15T06:07:42","guid":{"rendered":"https:\/\/www.diarioimagen.net\/?p=496425"},"modified":"2021-02-15T22:41:32","modified_gmt":"2021-02-16T04:41:32","slug":"vacunaran-a-79-mil-abuelitos-de-cdmx-esta-semana","status":"publish","type":"post","link":"https:\/\/www.diarioimagen.net\/?p=496425","title":{"rendered":"Vacunar\u00e1n a 79 mil abuelitos de CDMX esta semana"},"content":{"rendered":"<p>&nbsp;<\/p>\n<ul>\n<li><strong><em>De Magdalena Contreras, Cuajimalpa y Milpa Alta<\/em><\/strong><\/li>\n<\/ul>\n<p>&nbsp;<\/p>\n<div id=\"attachment_496501\" style=\"width: 470px\" class=\"wp-caption aligncenter\"><a href=\"https:\/\/www.diarioimagen.net\/?attachment_id=496501\" rel=\"attachment wp-att-496501\"><img loading=\"lazy\" decoding=\"async\" aria-describedby=\"caption-attachment-496501\" class=\"size-full wp-image-496501\" src=\"https:\/\/www.diarioimagen.net\/wp-content\/uploads\/2021\/02\/VacunasCDMX.jpg\" alt=\"\" width=\"460\" height=\"270\" \/><\/a><p id=\"caption-attachment-496501\" class=\"wp-caption-text\">Se vacunar\u00e1 a 79 mil adultos mayores en 5 d\u00edas en la Ciudad de M\u00e9xico, en 70 centros de vacunaci\u00f3n.<\/p><\/div>\n<p>&nbsp;<\/p>\n<p>Inicia este lunes en las alcald\u00edas de Cuajimalpa, Magdalena Contreras y Milpa Alta la vacunaci\u00f3n contra Covid de 79 mil adultos mayores y se prev\u00e9 que este proceso finalizar\u00e1 el viernes 19 de febrero.<\/p>\n<p>En videoconferencia de prensa, la jefa de Gobierno, Claudia Sheinbaum Pardo, dijo que ser\u00e1n 70 centros de vacunaci\u00f3n, distribuidos en estasdemarcaciones, con un horario de atenci\u00f3n de 9:00 de la ma\u00f1ana a 20:00 horas y se podr\u00e1 consultar los centro en <a href=\"https:\/\/vacunacion.cdmx.gob.mx\/\" target=\"_blank\" rel=\"noopener\"><em>vacunacion.cdmx.gob.mx<\/em><\/a>.<\/p>\n<p>Habr\u00e1 mil 750 brigadistas del Gobierno de la Ciudad de M\u00e9xico y Gobierno de M\u00e9xico y se aplicar\u00e1n 500 dosis en promedio por d\u00eda por Unidad Vacunadora por lo que se aplicar\u00e1n 35 mil dosis por d\u00eda para lograr el objetivo del 17 de febrero.<\/p>\n<p>Destac\u00f3 que habr\u00e1 un operativo especial de la Secretar\u00eda de Seguridad Ciudadana (SSC) as\u00ed como de funcionarios p\u00fablicos.<\/p>\n<p>Se inform\u00f3 que las personas cuyo apellido inicie de la letra A a la letra G, deber\u00e1n vacunarse hoy lunes; las personas cuyo apellido inicie de la letra H a la P deber\u00e1n vacunarse el martes 16 de febrero y las personas cuyo apellido empiece de la letra Q a la Z, lo deber\u00e1n hacer el mi\u00e9rcoles 17 de febrero.<\/p>\n<p>Mientras que el 18 y 19 de febrero se aplicar\u00e1n las vacunas a todas las personas que hayan quedado rezagadas, adem\u00e1s habr\u00e1 12 brigadas \u201cCorrecaminos\u201d, que acudir\u00e1n a las casas de mil 600 personas que no tienen posibilidad de salir de su casa.<\/p>\n<p>El tiempo de espera para ser vacunados con la vacuna AstraZeneca, ser\u00e1 de alrededor de dos horas, y despu\u00e9s de que ya le hayan aplicado la vacuna a la persona, se le tendr\u00e1 en observaci\u00f3n durante 30 minutos para verificar que no tenga ninguna reacci\u00f3n.<\/p>\n<p>Se pueden vacunar todas las personas, a excepci\u00f3n de las que en ese momento tengan s\u00edntomas de Covid o que en el pasado hayan tenido reacciones al\u00e9rgicas severas a alg\u00fan medicamento \u201cpero las personas que tengan alergias leves como ronchitas, o alergias estacionales o rinoreas, s\u00ed se pueden vacunar\u201d, explic\u00f3 el doctor V\u00edctor Hugo Borja Aburto, director de Prestaciones M\u00e9dicas del Instituto Mexicano del Seguro Social.<\/p>\n<p>La secretaria de salud local, Olivia L\u00f3pez explic\u00f3 que \u201csi tienen s\u00edntomas de covid se recomienda no vacunarse, pero si tuvieron covid, pero el cuadro de la enfermedad ya termin\u00f3 desde hace 15 d\u00edas, s\u00ed pueden hacerlo\u201d.<\/p>\n","protected":false},"excerpt":{"rendered":"<p>Inicia este lunes en las alcald\u00edas de Cuajimalpa, Magdalena Contreras y Milpa Alta la vacunaci\u00f3n contra Covid de 79 mil adultos mayores y se prev\u00e9 que este proceso finalizar\u00e1 el viernes 19 de febrero.<\/p>\n","protected":false},"author":3,"featured_media":496501,"comment_status":"open","ping_status":"open","sticky":false,"template":"","format":"standard","meta":{"_monsterinsights_skip_tracking":false,"_monsterinsights_sitenote_active":false,"_monsterinsights_sitenote_note":"","_monsterinsights_sitenote_category":0,"footnotes":""},"categories":[6],"tags":[90021,4958,14751,2866],"class_list":["post-496425","post","type-post","status-publish","format-standard","has-post-thumbnail","hentry","category-cd-de-mexico","tag-covid-19","tag-cuajimalpa","tag-magdalena-contreras","tag-milpa-alta"],"_links":{"self":[{"href":"https:\/\/www.diarioimagen.net\/index.php?rest_route=\/wp\/v2\/posts\/496425","targetHints":{"allow":["GET"]}}],"collection":[{"href":"https:\/\/www.diarioimagen.net\/index.php?rest_route=\/wp\/v2\/posts"}],"about":[{"href":"https:\/\/www.diarioimagen.net\/index.php?rest_route=\/wp\/v2\/types\/post"}],"author":[{"embeddable":true,"href":"https:\/\/www.diarioimagen.net\/index.php?rest_route=\/wp\/v2\/users\/3"}],"replies":[{"embeddable":true,"href":"https:\/\/www.diarioimagen.net\/index.php?rest_route=%2Fwp%2Fv2%2Fcomments&post=496425"}],"version-history":[{"count":0,"href":"https:\/\/www.diarioimagen.net\/index.php?rest_route=\/wp\/v2\/posts\/496425\/revisions"}],"wp:featuredmedia":[{"embeddable":true,"href":"https:\/\/www.diarioimagen.net\/index.php?rest_route=\/wp\/v2\/media\/496501"}],"wp:attachment":[{"href":"https:\/\/www.diarioimagen.net\/index.php?rest_route=%2Fwp%2Fv2%2Fmedia&parent=496425"}],"wp:term":[{"taxonomy":"category","embeddable":true,"href":"https:\/\/www.diarioimagen.net\/index.php?rest_route=%2Fwp%2Fv2%2Fcategories&post=496425"},{"taxonomy":"post_tag","embeddable":true,"href":"https:\/\/www.diarioimagen.net\/index.php?rest_route=%2Fwp%2Fv2%2Ftags&post=496425"}],"curies":[{"name":"wp","href":"https:\/\/api.w.org\/{rel}","templated":true}]}}